{"id":1944,"date":"2026-08-29T16:09:44","date_gmt":"2026-08-29T14:09:44","guid":{"rendered":"https:\/\/chiesasavona.it\/ilnuovoletimbro\/?p=1944"},"modified":"2026-08-29T16:09:44","modified_gmt":"2026-08-29T14:09:44","slug":"giovanni-battista-carlone-e-il-martirio-di-san-lorenzo-a-cogoleto","status":"publish","type":"post","link":"https:\/\/chiesasavona.it\/ilnuovoletimbro\/2026\/08\/29\/giovanni-battista-carlone-e-il-martirio-di-san-lorenzo-a-cogoleto\/","title":{"rendered":"Giovanni Battista Carlone e il &#8220;Martirio di San Lorenzo&#8221; a Cogoleto"},"content":{"rendered":"<p><strong>Cogoleto.<\/strong> Nell\u2019Oratorio di San Lorenzo \u00e8 conservato, presso l\u2019altare, un imponente dipinto raffigurante il &#8220;<strong>Martirio di San Lorenzo&#8221;<\/strong>, una tela di quasi tre metri di altezza che costituisce un\u2019interessante testimonianza della pittura genovese del Seicento nel territorio ligure.<\/p>\n<p>L\u2019opera, dipinta a olio su tela e delle dimensioni di 296,5 \u00d7 196,5 cm, \u00e8 datata al secondo quarto del XVII secolo, tra il 1630 e il 1640, ed \u00e8 attribuita a <a href=\"https:\/\/www.treccani.it\/enciclopedia\/giovanni-battista-carlone_(Dizionario-Biografico)\/\">Giovanni Battista Carlone<\/a> (Genova, 1603 circa \u2013 Parodi Ligure, 1684 circa). Lo storico dell\u2019arte Piero Donati ha attribuito la tela all&#8217;artista, collocandola in una fase particolarmente significativa della produzione del pittore genovese.<\/p>\n<p><strong>Giovanni Battista Carlone<\/strong> apparteneva ad una famiglia di artisti originaria di Rovio, nel Canton Ticino, stabilitasi a Genova gi\u00e0 alla met\u00e0 del Cinquecento. Secondo le fonti, arricch\u00ec la propria formazione attraverso esperienze a Roma e Firenze, per poi svolgere gran parte della sua attivit\u00e0 nell&#8217;ambiente genovese.<\/p>\n<p>Fu uno dei protagonisti della grande decorazione ad affresco, lavorando in importanti edifici cittadini, ma realizz\u00f2 anche numerosi dipinti su tela sia di soggetto religioso sia profano.<\/p>\n<h3><span style=\"color: #3366ff;\">La composizione<\/span><\/h3>\n<p>La sua pittura si distingue per il<strong> naturalismo,<\/strong> la vivacit\u00e0 dell\u2019azione e la capacit\u00e0 narrativa. Le figure sono spesso colte nel momento dell\u2019azione e i gesti, gli sguardi e la disposizione dei personaggi contribuiscono a rendere immediatamente comprensibile l\u2019episodio rappresentato. Nel &#8220;Martirio di San Lorenzo&#8221; la scena segue un andamento diagonale che appartiene ad una lunga tradizione della <strong>pittura dedicata ai martiri<\/strong>. La disposizione delle figure guida lo sguardo dalla dimensione terrena del supplizio verso quella superiore e trascendente.<\/p>\n<p>La parte inferiore della tela \u00e8 dominata dall\u2019azione: san Lorenzo, collocato al centro del dramma, \u00e8 circondato dai carnefici, mentre intorno si dispongono dignitari e altri personaggi. Il movimento della composizione conduce progressivamente verso l\u2019alto, dove la violenza della scena terrena lascia spazio alla dimensione celeste. Nella parte superiore compaiono la colomba dello <strong>Spirito Santo<\/strong> e le figure dei <strong>santi Stefano<\/strong>,\u00a0<strong>Chiara<\/strong> ed <strong>Erasmo<\/strong>. Il rapporto tra i due livelli della composizione trasforma cos\u00ec il martirio da semplice rappresentazione di una morte violenta in una scena di fede e di salvezza.<\/p>\n<p>La gestualit\u00e0 dei personaggi e la loro disposizione nello spazio contribuiscono a costruire un vero e proprio racconto per immagini. \u00c8 proprio questa capacit\u00e0 di rendere l\u2019<strong>episodio sacro<\/strong> concreto<strong>,<\/strong> dinamico e immediatamente comunicativo uno degli aspetti pi\u00f9 caratteristici della pittura di Carlone. Su questo aspetto \u00e8 significativo il confronto con gli studi di <strong>Lauro Magnani <\/strong>nel\u00a0saggio &#8220;Giovanni Battista Carlone, martirii e &#8216;osservanza della natura&#8217; nella cappella di San Clemente all\u2019Annunziata del Vastato&#8221;, pubblicato nel 2021.<\/p>\n<figure id=\"attachment_2212\" aria-describedby=\"caption-attachment-2212\" style=\"width: 1280px\" class=\"wp-caption aligncenter\"><img loading=\"lazy\" decoding=\"async\" class=\"size-full wp-image-2212\" src=\"http:\/\/chiesasavona.it\/ilnuovoletimbro\/wp-content\/uploads\/sites\/4\/2026\/08\/Cogoleto-Oratorio-San-Lorenzo-01.jpg\" alt=\"\" width=\"1280\" height=\"960\" srcset=\"https:\/\/chiesasavona.it\/ilnuovoletimbro\/wp-content\/uploads\/sites\/4\/2026\/08\/Cogoleto-Oratorio-San-Lorenzo-01.jpg 1280w, https:\/\/chiesasavona.it\/ilnuovoletimbro\/wp-content\/uploads\/sites\/4\/2026\/08\/Cogoleto-Oratorio-San-Lorenzo-01-300x225.jpg 300w, https:\/\/chiesasavona.it\/ilnuovoletimbro\/wp-content\/uploads\/sites\/4\/2026\/08\/Cogoleto-Oratorio-San-Lorenzo-01-1024x768.jpg 1024w, https:\/\/chiesasavona.it\/ilnuovoletimbro\/wp-content\/uploads\/sites\/4\/2026\/08\/Cogoleto-Oratorio-San-Lorenzo-01-768x576.jpg 768w\" sizes=\"auto, (max-width: 1280px) 100vw, 1280px\" \/><figcaption id=\"caption-attachment-2212\" class=\"wp-caption-text\">L&#8217;Oratorio San Lorenzo a Cogoleto<\/figcaption><\/figure>\n<h3><span style=\"color: #3366ff;\">San Lorenzo e i santi di Cogoleto<\/span><\/h3>\n<p>La scelta dei personaggi presenti nella tela contribuisce a collegare la vicenda del santo alla realt\u00e0 religiosa di Cogoleto. Accanto a san Lorenzo compaiono infatti i santi Stefano, Chiara ed Erasmo, la presenza dei quali sembra riflettere devozioni particolarmente significative per il territorio.<\/p>\n<p>Secondo la scheda del <strong>Catalogo Generale dei Beni Culturali<\/strong>, santo Stefano era venerato localmente anche in relazione alla tradizione dei cavatori di calcare; santa Chiara era invocata come protettrice in un territorio esposto al pericolo delle incursioni saracene; sant\u2019Erasmo era invece tradizionalmente legato alla protezione dei marinai.<\/p>\n<p>La tela riunisce cos\u00ec diverse figure della <strong>devozione locale<\/strong> all\u2019interno della scena del martirio, trasformando il racconto di San Lorenzo in un\u2019immagine capace di parlare direttamente alla comunit\u00e0 che la contemplava.<\/p>\n<h3><span style=\"color: #3366ff;\">I pentimenti di Carlone e il processo creativo<\/span><\/h3>\n<p>Uno degli elementi pi\u00f9 interessanti dell\u2019opera \u00e8 emerso durante il restauro, che ha permesso di individuare numerosi pentimenti, cio\u00e8 modifiche apportate dall\u2019artista nel corso dell\u2019esecuzione. L\u2019artista ripens\u00f2 la posizione di alcuni santi, di san Lorenzo e del carnefice; inser\u00ec inoltre una figura nella zona centrale della composizione e modific\u00f2 una colonna della statua di <strong>Ercole<\/strong> collocata nella parte superiore del dipinto.<\/p>\n<p>Questi interventi permettono di seguire, almeno in parte, il processo creativo dell\u2019artista. Il Carlone non defin\u00ec quindi la composizione in ogni dettaglio fin dall\u2019inizio, ma la modific\u00f2 durante l\u2019esecuzione, cercando <strong>un equilibrio pi\u00f9 efficace<\/strong> tra figure, gesti e organizzazione dello spazio.<\/p>\n<figure id=\"attachment_2213\" aria-describedby=\"caption-attachment-2213\" style=\"width: 1280px\" class=\"wp-caption aligncenter\"><img loading=\"lazy\" decoding=\"async\" class=\"size-full wp-image-2213\" src=\"http:\/\/chiesasavona.it\/ilnuovoletimbro\/wp-content\/uploads\/sites\/4\/2026\/08\/Cogoleto-Oratorio-San-Lorenzo-02.jpg\" alt=\"\" width=\"1280\" height=\"817\" srcset=\"https:\/\/chiesasavona.it\/ilnuovoletimbro\/wp-content\/uploads\/sites\/4\/2026\/08\/Cogoleto-Oratorio-San-Lorenzo-02.jpg 1280w, https:\/\/chiesasavona.it\/ilnuovoletimbro\/wp-content\/uploads\/sites\/4\/2026\/08\/Cogoleto-Oratorio-San-Lorenzo-02-300x191.jpg 300w, https:\/\/chiesasavona.it\/ilnuovoletimbro\/wp-content\/uploads\/sites\/4\/2026\/08\/Cogoleto-Oratorio-San-Lorenzo-02-1024x654.jpg 1024w, https:\/\/chiesasavona.it\/ilnuovoletimbro\/wp-content\/uploads\/sites\/4\/2026\/08\/Cogoleto-Oratorio-San-Lorenzo-02-768x490.jpg 768w\" sizes=\"auto, (max-width: 1280px) 100vw, 1280px\" \/><figcaption id=\"caption-attachment-2213\" class=\"wp-caption-text\">L&#8217;Oratorio San Lorenzo a Cogoleto<\/figcaption><\/figure>\n<h3><span style=\"color: #3366ff;\">Il &#8220;Martirio&#8221; e la storia di Cogoleto<\/span><\/h3>\n<p>Il valore del &#8220;Martirio di San Lorenzo&#8221; non riguarda per\u00f2 soltanto la storia dell\u2019arte. La tela \u00e8 infatti strettamente legata al luogo in cui \u00e8 conservata e alla storia della comunit\u00e0. L&#8217;<strong>Oratorio di San Lorenzo<\/strong> non fu soltanto uno spazio destinato alla devozione, ma ebbe anche una funzione nella vita civile di <strong>Cogoleto<\/strong>. Come documentato nel volume &#8220;Storia e arte a Cogoleto. Studi in occasione del Millenario 1023-2023&#8221;, pubblicato nel 2025, proprio nell\u2019oratorio si riun\u00ec nel Seicento il parlamento dei capifamiglia e vennero eletti i rappresentanti della popolazione e gli ufficiali di bail\u00eca.<\/p>\n<p>La presenza del dipinto va quindi letta all\u2019interno di un contesto in cui\u00a0religione, vita comunitaria e dimensione civile erano profondamente intrecciate. L\u2019immagine del <strong>martirio<\/strong> non era semplicemente un\u2019opera destinata alla contemplazione estetica, ma faceva parte di un luogo vissuto dalla comunit\u00e0 e caricato nel tempo di significati religiosi e sociali.<\/p>\n<p>Un ruolo importante nella conservazione e nella valorizzazione di questo patrimonio \u00e8 svolto dalla <a href=\"https:\/\/www.facebook.com\/groups\/607289755975694\/\">Confraternita di San Lorenzo Martire di Cogoleto<\/a>, a cui si deve anche la custodia della <strong>memoria storica e devozionale<\/strong> legata all&#8217;oratorio. La presenza della tela di Carlone acquista cos\u00ec un significato che va oltre il suo valore artistico: attraverso l&#8217;opera, il luogo e la comunit\u00e0 che ancora oggi lo custodisce, rimane leggibile una parte della storia religiosa, sociale e culturale di Cogoleto.<\/p>\n","protected":false},"excerpt":{"rendered":"<p>Cogoleto. Nell\u2019Oratorio di San Lorenzo \u00e8 conservato, presso l\u2019altare, un imponente dipinto raffigurante il &#8220;Martirio di San Lorenzo&#8221;, una tela di quasi tre metri di altezza che costituisce un\u2019interessante testimonianza della pittura genovese del Seicento nel territorio ligure. L\u2019opera, dipinta a olio su tela e delle dimensioni di 296,5 \u00d7 196,5 cm, \u00e8 datata al [&hellip;]<\/p>\n","protected":false},"author":0,"featured_media":2211,"comment_status":"closed","ping_status":"open","sticky":false,"template":"","format":"standard","meta":{"_acf_changed":false,"footnotes":""},"categories":[4,37],"tags":[241,243,242],"class_list":["post-1944","post","type-post","status-publish","format-standard","has-post-thumbnail","hentry","category-cultura","category-home","tag-confraternita-san-lorenzo-cogoleto","tag-martirio-san-lorenzo","tag-oratorio-san-lorenzo-cogoleto"],"acf":[],"yoast_head":"<!-- This site is optimized with the Yoast SEO plugin v22.3 - https:\/\/yoast.com\/wordpress\/plugins\/seo\/ -->\n<title>Giovanni Battista Carlone e il &quot;Martirio di San Lorenzo&quot; a Cogoleto - il Nuovo Letimbro<\/title>\n<meta name=\"description\" content=\"La scena appartiene alla &quot;pittura dei martiri&quot; e la disposizione delle figure guida lo sguardo dalla dimensione terrena a quella trascendente\" \/>\n<meta name=\"robots\" content=\"index, follow, max-snippet:-1, max-image-preview:large, max-video-preview:-1\" \/>\n<link rel=\"canonical\" href=\"https:\/\/chiesasavona.it\/ilnuovoletimbro\/2026\/08\/29\/giovanni-battista-carlone-e-il-martirio-di-san-lorenzo-a-cogoleto\/\" \/>\n<meta property=\"og:locale\" content=\"it_IT\" \/>\n<meta property=\"og:type\" content=\"article\" \/>\n<meta property=\"og:title\" content=\"Giovanni Battista Carlone e il &quot;Martirio di San Lorenzo&quot; a Cogoleto - il Nuovo Letimbro\" \/>\n<meta property=\"og:description\" content=\"La scena appartiene alla &quot;pittura dei martiri&quot; e la disposizione delle figure guida lo sguardo dalla dimensione terrena a quella trascendente\" \/>\n<meta property=\"og:url\" content=\"https:\/\/chiesasavona.it\/ilnuovoletimbro\/2026\/08\/29\/giovanni-battista-carlone-e-il-martirio-di-san-lorenzo-a-cogoleto\/\" \/>\n<meta property=\"og:site_name\" content=\"il Nuovo Letimbro\" \/>\n<meta property=\"article:published_time\" content=\"2026-08-29T14:09:44+00:00\" \/>\n<meta property=\"og:image\" content=\"http:\/\/chiesasavona.it\/ilnuovoletimbro\/wp-content\/uploads\/sites\/4\/2026\/08\/Cogoleto-Martirio-di-San-Lorenzo-01.jpg\" \/>\n\t<meta property=\"og:image:width\" content=\"1280\" \/>\n\t<meta property=\"og:image:height\" content=\"1028\" \/>\n\t<meta property=\"og:image:type\" content=\"image\/jpeg\" \/>\n<meta name=\"author\" content=\"Lorenzo Bisio\" \/>\n<meta name=\"twitter:card\" content=\"summary_large_image\" \/>\n<meta name=\"twitter:label1\" content=\"Written by\" \/>\n\t<meta name=\"twitter:data1\" content=\"\" \/>\n\t<meta name=\"twitter:label2\" content=\"Est. reading time\" \/>\n\t<meta name=\"twitter:data2\" content=\"6 minuti\" \/>\n<script type=\"application\/ld+json\" class=\"yoast-schema-graph\">{\"@context\":\"https:\/\/schema.org\",\"@graph\":[{\"@type\":\"Article\",\"@id\":\"https:\/\/chiesasavona.it\/ilnuovoletimbro\/2026\/08\/29\/giovanni-battista-carlone-e-il-martirio-di-san-lorenzo-a-cogoleto\/#article\",\"isPartOf\":{\"@id\":\"https:\/\/chiesasavona.it\/ilnuovoletimbro\/2026\/08\/29\/giovanni-battista-carlone-e-il-martirio-di-san-lorenzo-a-cogoleto\/\"},\"author\":{\"name\":\"Lorenzo Bisio\",\"@id\":\"https:\/\/chiesasavona.it\/ilnuovoletimbro\/#\/schema\/person\/1963e21015768efde086b36334ddc143\"},\"headline\":\"Giovanni Battista Carlone e il &#8220;Martirio di San Lorenzo&#8221; a Cogoleto\",\"datePublished\":\"2026-08-29T14:09:44+00:00\",\"dateModified\":\"2026-08-29T14:09:44+00:00\",\"mainEntityOfPage\":{\"@id\":\"https:\/\/chiesasavona.it\/ilnuovoletimbro\/2026\/08\/29\/giovanni-battista-carlone-e-il-martirio-di-san-lorenzo-a-cogoleto\/\"},\"wordCount\":937,\"publisher\":{\"@id\":\"https:\/\/chiesasavona.it\/ilnuovoletimbro\/#organization\"},\"image\":{\"@id\":\"https:\/\/chiesasavona.it\/ilnuovoletimbro\/2026\/08\/29\/giovanni-battista-carlone-e-il-martirio-di-san-lorenzo-a-cogoleto\/#primaryimage\"},\"thumbnailUrl\":\"https:\/\/chiesasavona.it\/ilnuovoletimbro\/wp-content\/uploads\/sites\/4\/2026\/08\/Cogoleto-Martirio-di-San-Lorenzo-01.jpg\",\"keywords\":[\"confraternita san lorenzo cogoleto\",\"martirio san lorenzo\",\"oratorio san lorenzo cogoleto\"],\"articleSection\":[\"Cultura\",\"Home\"],\"inLanguage\":\"it-IT\"},{\"@type\":\"WebPage\",\"@id\":\"https:\/\/chiesasavona.it\/ilnuovoletimbro\/2026\/08\/29\/giovanni-battista-carlone-e-il-martirio-di-san-lorenzo-a-cogoleto\/\",\"url\":\"https:\/\/chiesasavona.it\/ilnuovoletimbro\/2026\/08\/29\/giovanni-battista-carlone-e-il-martirio-di-san-lorenzo-a-cogoleto\/\",\"name\":\"Giovanni Battista Carlone e il \\\"Martirio di San Lorenzo\\\" a Cogoleto - il Nuovo Letimbro\",\"isPartOf\":{\"@id\":\"https:\/\/chiesasavona.it\/ilnuovoletimbro\/#website\"},\"primaryImageOfPage\":{\"@id\":\"https:\/\/chiesasavona.it\/ilnuovoletimbro\/2026\/08\/29\/giovanni-battista-carlone-e-il-martirio-di-san-lorenzo-a-cogoleto\/#primaryimage\"},\"image\":{\"@id\":\"https:\/\/chiesasavona.it\/ilnuovoletimbro\/2026\/08\/29\/giovanni-battista-carlone-e-il-martirio-di-san-lorenzo-a-cogoleto\/#primaryimage\"},\"thumbnailUrl\":\"https:\/\/chiesasavona.it\/ilnuovoletimbro\/wp-content\/uploads\/sites\/4\/2026\/08\/Cogoleto-Martirio-di-San-Lorenzo-01.jpg\",\"datePublished\":\"2026-08-29T14:09:44+00:00\",\"dateModified\":\"2026-08-29T14:09:44+00:00\",\"description\":\"La scena appartiene alla \\\"pittura dei martiri\\\" e la disposizione delle figure guida lo sguardo dalla dimensione terrena a quella trascendente\",\"breadcrumb\":{\"@id\":\"https:\/\/chiesasavona.it\/ilnuovoletimbro\/2026\/08\/29\/giovanni-battista-carlone-e-il-martirio-di-san-lorenzo-a-cogoleto\/#breadcrumb\"},\"inLanguage\":\"it-IT\",\"potentialAction\":[{\"@type\":\"ReadAction\",\"target\":[\"https:\/\/chiesasavona.it\/ilnuovoletimbro\/2026\/08\/29\/giovanni-battista-carlone-e-il-martirio-di-san-lorenzo-a-cogoleto\/\"]}]},{\"@type\":\"ImageObject\",\"inLanguage\":\"it-IT\",\"@id\":\"https:\/\/chiesasavona.it\/ilnuovoletimbro\/2026\/08\/29\/giovanni-battista-carlone-e-il-martirio-di-san-lorenzo-a-cogoleto\/#primaryimage\",\"url\":\"https:\/\/chiesasavona.it\/ilnuovoletimbro\/wp-content\/uploads\/sites\/4\/2026\/08\/Cogoleto-Martirio-di-San-Lorenzo-01.jpg\",\"contentUrl\":\"https:\/\/chiesasavona.it\/ilnuovoletimbro\/wp-content\/uploads\/sites\/4\/2026\/08\/Cogoleto-Martirio-di-San-Lorenzo-01.jpg\",\"width\":1280,\"height\":1028,\"caption\":\"Il \\\"Martirio di San Lorenzo\\\" di Giovanni Battista Carlone\"},{\"@type\":\"BreadcrumbList\",\"@id\":\"https:\/\/chiesasavona.it\/ilnuovoletimbro\/2026\/08\/29\/giovanni-battista-carlone-e-il-martirio-di-san-lorenzo-a-cogoleto\/#breadcrumb\",\"itemListElement\":[{\"@type\":\"ListItem\",\"position\":1,\"name\":\"Home\",\"item\":\"https:\/\/chiesasavona.it\/ilnuovoletimbro\/\"},{\"@type\":\"ListItem\",\"position\":2,\"name\":\"Giovanni Battista Carlone e il &#8220;Martirio di San Lorenzo&#8221; a Cogoleto\"}]},{\"@type\":\"WebSite\",\"@id\":\"https:\/\/chiesasavona.it\/ilnuovoletimbro\/#website\",\"url\":\"https:\/\/chiesasavona.it\/ilnuovoletimbro\/\",\"name\":\"il Nuovo Letimbro\",\"description\":\"Tutto il bello della diocesi di Savona-Noli!\",\"publisher\":{\"@id\":\"https:\/\/chiesasavona.it\/ilnuovoletimbro\/#organization\"},\"potentialAction\":[{\"@type\":\"SearchAction\",\"target\":{\"@type\":\"EntryPoint\",\"urlTemplate\":\"https:\/\/chiesasavona.it\/ilnuovoletimbro\/?s={search_term_string}\"},\"query-input\":\"required name=search_term_string\"}],\"inLanguage\":\"it-IT\"},{\"@type\":\"Organization\",\"@id\":\"https:\/\/chiesasavona.it\/ilnuovoletimbro\/#organization\",\"name\":\"il Nuovo Letimbro\",\"url\":\"https:\/\/chiesasavona.it\/ilnuovoletimbro\/\",\"logo\":{\"@type\":\"ImageObject\",\"inLanguage\":\"it-IT\",\"@id\":\"https:\/\/chiesasavona.it\/ilnuovoletimbro\/#\/schema\/logo\/image\/\",\"url\":\"https:\/\/chiesasavona.it\/ilnuovoletimbro\/wp-content\/uploads\/sites\/4\/2026\/03\/il-nuovo-letimbro.png\",\"contentUrl\":\"https:\/\/chiesasavona.it\/ilnuovoletimbro\/wp-content\/uploads\/sites\/4\/2026\/03\/il-nuovo-letimbro.png\",\"width\":623,\"height\":623,\"caption\":\"il Nuovo Letimbro\"},\"image\":{\"@id\":\"https:\/\/chiesasavona.it\/ilnuovoletimbro\/#\/schema\/logo\/image\/\"}}]}<\/script>\n<!-- \/ Yoast SEO plugin. -->","yoast_head_json":{"title":"Giovanni Battista Carlone e il \"Martirio di San Lorenzo\" a Cogoleto - il Nuovo Letimbro","description":"La scena appartiene alla \"pittura dei martiri\" e la disposizione delle figure guida lo sguardo dalla dimensione terrena a quella trascendente","robots":{"index":"index","follow":"follow","max-snippet":"max-snippet:-1","max-image-preview":"max-image-preview:large","max-video-preview":"max-video-preview:-1"},"canonical":"https:\/\/chiesasavona.it\/ilnuovoletimbro\/2026\/08\/29\/giovanni-battista-carlone-e-il-martirio-di-san-lorenzo-a-cogoleto\/","og_locale":"it_IT","og_type":"article","og_title":"Giovanni Battista Carlone e il \"Martirio di San Lorenzo\" a Cogoleto - il Nuovo Letimbro","og_description":"La scena appartiene alla \"pittura dei martiri\" e la disposizione delle figure guida lo sguardo dalla dimensione terrena a quella trascendente","og_url":"https:\/\/chiesasavona.it\/ilnuovoletimbro\/2026\/08\/29\/giovanni-battista-carlone-e-il-martirio-di-san-lorenzo-a-cogoleto\/","og_site_name":"il Nuovo Letimbro","article_published_time":"2026-08-29T14:09:44+00:00","og_image":[{"width":1280,"height":1028,"url":"http:\/\/chiesasavona.it\/ilnuovoletimbro\/wp-content\/uploads\/sites\/4\/2026\/08\/Cogoleto-Martirio-di-San-Lorenzo-01.jpg","type":"image\/jpeg"}],"author":"Lorenzo Bisio","twitter_card":"summary_large_image","twitter_misc":{"Written by":"","Est. reading time":"6 minuti"},"schema":{"@context":"https:\/\/schema.org","@graph":[{"@type":"Article","@id":"https:\/\/chiesasavona.it\/ilnuovoletimbro\/2026\/08\/29\/giovanni-battista-carlone-e-il-martirio-di-san-lorenzo-a-cogoleto\/#article","isPartOf":{"@id":"https:\/\/chiesasavona.it\/ilnuovoletimbro\/2026\/08\/29\/giovanni-battista-carlone-e-il-martirio-di-san-lorenzo-a-cogoleto\/"},"author":{"name":"Lorenzo Bisio","@id":"https:\/\/chiesasavona.it\/ilnuovoletimbro\/#\/schema\/person\/1963e21015768efde086b36334ddc143"},"headline":"Giovanni Battista Carlone e il &#8220;Martirio di San Lorenzo&#8221; a Cogoleto","datePublished":"2026-08-29T14:09:44+00:00","dateModified":"2026-08-29T14:09:44+00:00","mainEntityOfPage":{"@id":"https:\/\/chiesasavona.it\/ilnuovoletimbro\/2026\/08\/29\/giovanni-battista-carlone-e-il-martirio-di-san-lorenzo-a-cogoleto\/"},"wordCount":937,"publisher":{"@id":"https:\/\/chiesasavona.it\/ilnuovoletimbro\/#organization"},"image":{"@id":"https:\/\/chiesasavona.it\/ilnuovoletimbro\/2026\/08\/29\/giovanni-battista-carlone-e-il-martirio-di-san-lorenzo-a-cogoleto\/#primaryimage"},"thumbnailUrl":"https:\/\/chiesasavona.it\/ilnuovoletimbro\/wp-content\/uploads\/sites\/4\/2026\/08\/Cogoleto-Martirio-di-San-Lorenzo-01.jpg","keywords":["confraternita san lorenzo cogoleto","martirio san lorenzo","oratorio san lorenzo cogoleto"],"articleSection":["Cultura","Home"],"inLanguage":"it-IT"},{"@type":"WebPage","@id":"https:\/\/chiesasavona.it\/ilnuovoletimbro\/2026\/08\/29\/giovanni-battista-carlone-e-il-martirio-di-san-lorenzo-a-cogoleto\/","url":"https:\/\/chiesasavona.it\/ilnuovoletimbro\/2026\/08\/29\/giovanni-battista-carlone-e-il-martirio-di-san-lorenzo-a-cogoleto\/","name":"Giovanni Battista Carlone e il \"Martirio di San Lorenzo\" a Cogoleto - il Nuovo Letimbro","isPartOf":{"@id":"https:\/\/chiesasavona.it\/ilnuovoletimbro\/#website"},"primaryImageOfPage":{"@id":"https:\/\/chiesasavona.it\/ilnuovoletimbro\/2026\/08\/29\/giovanni-battista-carlone-e-il-martirio-di-san-lorenzo-a-cogoleto\/#primaryimage"},"image":{"@id":"https:\/\/chiesasavona.it\/ilnuovoletimbro\/2026\/08\/29\/giovanni-battista-carlone-e-il-martirio-di-san-lorenzo-a-cogoleto\/#primaryimage"},"thumbnailUrl":"https:\/\/chiesasavona.it\/ilnuovoletimbro\/wp-content\/uploads\/sites\/4\/2026\/08\/Cogoleto-Martirio-di-San-Lorenzo-01.jpg","datePublished":"2026-08-29T14:09:44+00:00","dateModified":"2026-08-29T14:09:44+00:00","description":"La scena appartiene alla \"pittura dei martiri\" e la disposizione delle figure guida lo sguardo dalla dimensione terrena a quella trascendente","breadcrumb":{"@id":"https:\/\/chiesasavona.it\/ilnuovoletimbro\/2026\/08\/29\/giovanni-battista-carlone-e-il-martirio-di-san-lorenzo-a-cogoleto\/#breadcrumb"},"inLanguage":"it-IT","potentialAction":[{"@type":"ReadAction","target":["https:\/\/chiesasavona.it\/ilnuovoletimbro\/2026\/08\/29\/giovanni-battista-carlone-e-il-martirio-di-san-lorenzo-a-cogoleto\/"]}]},{"@type":"ImageObject","inLanguage":"it-IT","@id":"https:\/\/chiesasavona.it\/ilnuovoletimbro\/2026\/08\/29\/giovanni-battista-carlone-e-il-martirio-di-san-lorenzo-a-cogoleto\/#primaryimage","url":"https:\/\/chiesasavona.it\/ilnuovoletimbro\/wp-content\/uploads\/sites\/4\/2026\/08\/Cogoleto-Martirio-di-San-Lorenzo-01.jpg","contentUrl":"https:\/\/chiesasavona.it\/ilnuovoletimbro\/wp-content\/uploads\/sites\/4\/2026\/08\/Cogoleto-Martirio-di-San-Lorenzo-01.jpg","width":1280,"height":1028,"caption":"Il \"Martirio di San Lorenzo\" di Giovanni Battista Carlone"},{"@type":"BreadcrumbList","@id":"https:\/\/chiesasavona.it\/ilnuovoletimbro\/2026\/08\/29\/giovanni-battista-carlone-e-il-martirio-di-san-lorenzo-a-cogoleto\/#breadcrumb","itemListElement":[{"@type":"ListItem","position":1,"name":"Home","item":"https:\/\/chiesasavona.it\/ilnuovoletimbro\/"},{"@type":"ListItem","position":2,"name":"Giovanni Battista Carlone e il &#8220;Martirio di San Lorenzo&#8221; a Cogoleto"}]},{"@type":"WebSite","@id":"https:\/\/chiesasavona.it\/ilnuovoletimbro\/#website","url":"https:\/\/chiesasavona.it\/ilnuovoletimbro\/","name":"il Nuovo Letimbro","description":"Tutto il bello della diocesi di Savona-Noli!","publisher":{"@id":"https:\/\/chiesasavona.it\/ilnuovoletimbro\/#organization"},"potentialAction":[{"@type":"SearchAction","target":{"@type":"EntryPoint","urlTemplate":"https:\/\/chiesasavona.it\/ilnuovoletimbro\/?s={search_term_string}"},"query-input":"required name=search_term_string"}],"inLanguage":"it-IT"},{"@type":"Organization","@id":"https:\/\/chiesasavona.it\/ilnuovoletimbro\/#organization","name":"il Nuovo Letimbro","url":"https:\/\/chiesasavona.it\/ilnuovoletimbro\/","logo":{"@type":"ImageObject","inLanguage":"it-IT","@id":"https:\/\/chiesasavona.it\/ilnuovoletimbro\/#\/schema\/logo\/image\/","url":"https:\/\/chiesasavona.it\/ilnuovoletimbro\/wp-content\/uploads\/sites\/4\/2026\/03\/il-nuovo-letimbro.png","contentUrl":"https:\/\/chiesasavona.it\/ilnuovoletimbro\/wp-content\/uploads\/sites\/4\/2026\/03\/il-nuovo-letimbro.png","width":623,"height":623,"caption":"il Nuovo Letimbro"},"image":{"@id":"https:\/\/chiesasavona.it\/ilnuovoletimbro\/#\/schema\/logo\/image\/"}}]}},"_links":{"self":[{"href":"https:\/\/chiesasavona.it\/ilnuovoletimbro\/wp-json\/wp\/v2\/posts\/1944","targetHints":{"allow":["GET"]}}],"collection":[{"href":"https:\/\/chiesasavona.it\/ilnuovoletimbro\/wp-json\/wp\/v2\/posts"}],"about":[{"href":"https:\/\/chiesasavona.it\/ilnuovoletimbro\/wp-json\/wp\/v2\/types\/post"}],"author":[{"embeddable":true,"href":"https:\/\/chiesasavona.it\/ilnuovoletimbro\/wp-json\/wp\/v2\/users\/9"}],"replies":[{"embeddable":true,"href":"https:\/\/chiesasavona.it\/ilnuovoletimbro\/wp-json\/wp\/v2\/comments?post=1944"}],"version-history":[{"count":27,"href":"https:\/\/chiesasavona.it\/ilnuovoletimbro\/wp-json\/wp\/v2\/posts\/1944\/revisions"}],"predecessor-version":[{"id":2232,"href":"https:\/\/chiesasavona.it\/ilnuovoletimbro\/wp-json\/wp\/v2\/posts\/1944\/revisions\/2232"}],"wp:featuredmedia":[{"embeddable":true,"href":"https:\/\/chiesasavona.it\/ilnuovoletimbro\/wp-json\/wp\/v2\/media\/2211"}],"wp:attachment":[{"href":"https:\/\/chiesasavona.it\/ilnuovoletimbro\/wp-json\/wp\/v2\/media?parent=1944"}],"wp:term":[{"taxonomy":"category","embeddable":true,"href":"https:\/\/chiesasavona.it\/ilnuovoletimbro\/wp-json\/wp\/v2\/categories?post=1944"},{"taxonomy":"post_tag","embeddable":true,"href":"https:\/\/chiesasavona.it\/ilnuovoletimbro\/wp-json\/wp\/v2\/tags?post=1944"}],"curies":[{"name":"wp","href":"https:\/\/api.w.org\/{rel}","templated":true}]}}