{"id":2023,"date":"2026-08-22T17:35:12","date_gmt":"2026-08-22T15:35:12","guid":{"rendered":"https:\/\/chiesasavona.it\/ilnuovoletimbro\/?p=2023"},"modified":"2026-08-26T19:11:50","modified_gmt":"2026-08-26T17:11:50","slug":"varazze-ricorda-san-bartolomeo","status":"publish","type":"post","link":"https:\/\/chiesasavona.it\/ilnuovoletimbro\/2026\/08\/22\/varazze-ricorda-san-bartolomeo\/","title":{"rendered":"Varazze ricorda san Bartolomeo"},"content":{"rendered":"<p><strong>Varazze<\/strong>. Torna l\u2019appuntamento con la festa di <strong>san Bartolomeo<\/strong> apostolo, patrono dei pescatori, una ricorrenza profondamente legata alla storia e alla tradizione della comunit\u00e0.<\/p>\n<p>Devozione popolare e tradizione confraternale si intrecciano nelle celebrazioni promosse dalla Confraternita di San Bartolomeo, insieme alla Parrocchia di Sant\u2019Ambrogio e alla Chiesa conventuale di San Domenico.<\/p>\n<p>Il momento centrale sar\u00e0, come ogni anno, la solenne processione del 24 agosto. La ricorrenza prender\u00e0 avvio nella serata di domenica <strong>23 agosto<\/strong>, vigilia della festa. Alle 20.45, nell\u2019Oratorio di san Bartolomeo, sono in programma l\u2019esposizione del Santissimo Sacramento, l\u2019adorazione e la benedizione eucaristica. Alle 21.30, in piazza san Bartolomeo, la serata proseguir\u00e0 con il concerto della Banda Musicale Cardinal Cagliero.<\/p>\n<p>Luned\u00ec <strong>24 agosto<\/strong>, festa liturgica di san Bartolomeo apostolo, le celebrazioni inizieranno alle 8.30 con la Santa Messa celebrata dai Padri Domenicani. Alle 11 sar\u00e0 celebrata la messa solenne, presieduta dal parroco don Claudio Doglio, in suffragio dei confratelli e delle consorelle defunti. La celebrazione sar\u00e0 animata dal Coro Polifonico Beato Jacopo da Varagine, con la partecipazione dei priori delle confraternite.<\/p>\n<p>Il momento pi\u00f9 atteso della giornata sar\u00e0 quello della sera. Alle 20, nell\u2019Oratorio, saranno celebrati il vespro e la preghiera a san Bartolomeo, cui seguir\u00e0 la solenne<strong> processione<\/strong> per le vie del <strong>Borgo Solaro<\/strong>. La cassa processionale del santo uscir\u00e0 cos\u00ec dall&#8217;oratorio per incontrare la comunit\u00e0, attraversando gli spazi della citt\u00e0 e rinnovando uno dei gesti pi\u00f9 significativi della tradizione confraternale ligure: la processione come espressione pubblica di fede, memoria e partecipazione.<\/p>\n<p>Particolarmente significativa sar\u00e0 la sosta in piazza Nello Bovani, dove verr\u00e0 recitata la preghiera per la <strong>benedizione del mare e dei monti<\/strong>. Al termine il corteo raggiunger\u00e0 piazza san Bartolomeo, dove si terr\u00e0 la benedizione conclusiva. Ad accompagnare la processione saranno le bande musicali Cardinal Cagliero e Citt\u00e0 di Cogoleto.<\/p>\n<p>La festa rappresenta dunque un&#8217;occasione in cui <strong>devozione<\/strong> e <strong>identit\u00e0 collettiva<\/strong> si incontrano. L\u2019oratorio, la confraternita, la musica e la processione diventano parti di un unico racconto, capace di unire la memoria religiosa alla storia della comunit\u00e0 e al territorio. <strong>La forza della tradizione<\/strong> risiede proprio nella continuit\u00e0 di questi gesti: dall\u2019intimit\u00e0 della preghiera nell\u2019Oratorio alla solennit\u00e0 della liturgia, fino alla processione nelle strade e alla benedizione rivolta al mare. Una tradizione profondamente radicata nella memoria della collettivit\u00e0, che continua a essere vissuta e trasmessa di generazione in generazione.<\/p>\n<div id='gallery-1' class='gallery galleryid-2023 gallery-columns-3 gallery-size-full'><figure class='gallery-item'>\n\t\t\t<div class='gallery-icon landscape'>\n\t\t\t\t<a href='https:\/\/chiesasavona.it\/ilnuovoletimbro\/wp-content\/uploads\/sites\/4\/2026\/08\/Varazze-festa-san-Bartolomeo-01.jpg' title=\"\" data-rl_title=\"\" class=\"rl-gallery-link\" data-rl_caption=\"\" data-rel=\"lightbox-gallery-1\"><img loading=\"lazy\" decoding=\"async\" width=\"1280\" height=\"853\" src=\"https:\/\/chiesasavona.it\/ilnuovoletimbro\/wp-content\/uploads\/sites\/4\/2026\/08\/Varazze-festa-san-Bartolomeo-01.jpg\" class=\"attachment-full size-full\" alt=\"\" aria-describedby=\"gallery-1-2186\" srcset=\"https:\/\/chiesasavona.it\/ilnuovoletimbro\/wp-content\/uploads\/sites\/4\/2026\/08\/Varazze-festa-san-Bartolomeo-01.jpg 1280w, https:\/\/chiesasavona.it\/ilnuovoletimbro\/wp-content\/uploads\/sites\/4\/2026\/08\/Varazze-festa-san-Bartolomeo-01-300x200.jpg 300w, https:\/\/chiesasavona.it\/ilnuovoletimbro\/wp-content\/uploads\/sites\/4\/2026\/08\/Varazze-festa-san-Bartolomeo-01-1024x682.jpg 1024w, https:\/\/chiesasavona.it\/ilnuovoletimbro\/wp-content\/uploads\/sites\/4\/2026\/08\/Varazze-festa-san-Bartolomeo-01-768x512.jpg 768w, https:\/\/chiesasavona.it\/ilnuovoletimbro\/wp-content\/uploads\/sites\/4\/2026\/08\/Varazze-festa-san-Bartolomeo-01-272x182.jpg 272w\" sizes=\"auto, (max-width: 1280px) 100vw, 1280px\" \/><\/a>\n\t\t\t<\/div>\n\t\t\t\t<figcaption class='wp-caption-text gallery-caption' id='gallery-1-2186'>\n\t\t\t\tLa festa di san Bartolomeo apostolo a Varazze\n\t\t\t\t<\/figcaption><\/figure><figure class='gallery-item'>\n\t\t\t<div class='gallery-icon landscape'>\n\t\t\t\t<a href='https:\/\/chiesasavona.it\/ilnuovoletimbro\/wp-content\/uploads\/sites\/4\/2026\/08\/Varazze-festa-san-Bartolomeo-02.jpg' title=\"\" data-rl_title=\"\" class=\"rl-gallery-link\" data-rl_caption=\"\" data-rel=\"lightbox-gallery-1\"><img loading=\"lazy\" decoding=\"async\" width=\"1280\" height=\"853\" src=\"https:\/\/chiesasavona.it\/ilnuovoletimbro\/wp-content\/uploads\/sites\/4\/2026\/08\/Varazze-festa-san-Bartolomeo-02.jpg\" class=\"attachment-full size-full\" alt=\"\" aria-describedby=\"gallery-1-2187\" srcset=\"https:\/\/chiesasavona.it\/ilnuovoletimbro\/wp-content\/uploads\/sites\/4\/2026\/08\/Varazze-festa-san-Bartolomeo-02.jpg 1280w, https:\/\/chiesasavona.it\/ilnuovoletimbro\/wp-content\/uploads\/sites\/4\/2026\/08\/Varazze-festa-san-Bartolomeo-02-300x200.jpg 300w, https:\/\/chiesasavona.it\/ilnuovoletimbro\/wp-content\/uploads\/sites\/4\/2026\/08\/Varazze-festa-san-Bartolomeo-02-1024x682.jpg 1024w, https:\/\/chiesasavona.it\/ilnuovoletimbro\/wp-content\/uploads\/sites\/4\/2026\/08\/Varazze-festa-san-Bartolomeo-02-768x512.jpg 768w, https:\/\/chiesasavona.it\/ilnuovoletimbro\/wp-content\/uploads\/sites\/4\/2026\/08\/Varazze-festa-san-Bartolomeo-02-272x182.jpg 272w\" sizes=\"auto, (max-width: 1280px) 100vw, 1280px\" \/><\/a>\n\t\t\t<\/div>\n\t\t\t\t<figcaption class='wp-caption-text gallery-caption' id='gallery-1-2187'>\n\t\t\t\tLa festa di san Bartolomeo apostolo a Varazze\n\t\t\t\t<\/figcaption><\/figure><figure class='gallery-item'>\n\t\t\t<div class='gallery-icon landscape'>\n\t\t\t\t<a href='https:\/\/chiesasavona.it\/ilnuovoletimbro\/wp-content\/uploads\/sites\/4\/2026\/08\/Varazze-festa-san-Bartolomeo-03.jpg' title=\"\" data-rl_title=\"\" class=\"rl-gallery-link\" data-rl_caption=\"\" data-rel=\"lightbox-gallery-1\"><img loading=\"lazy\" decoding=\"async\" width=\"1280\" height=\"590\" src=\"https:\/\/chiesasavona.it\/ilnuovoletimbro\/wp-content\/uploads\/sites\/4\/2026\/08\/Varazze-festa-san-Bartolomeo-03.jpg\" class=\"attachment-full size-full\" alt=\"\" aria-describedby=\"gallery-1-2188\" srcset=\"https:\/\/chiesasavona.it\/ilnuovoletimbro\/wp-content\/uploads\/sites\/4\/2026\/08\/Varazze-festa-san-Bartolomeo-03.jpg 1280w, https:\/\/chiesasavona.it\/ilnuovoletimbro\/wp-content\/uploads\/sites\/4\/2026\/08\/Varazze-festa-san-Bartolomeo-03-300x138.jpg 300w, https:\/\/chiesasavona.it\/ilnuovoletimbro\/wp-content\/uploads\/sites\/4\/2026\/08\/Varazze-festa-san-Bartolomeo-03-1024x472.jpg 1024w, https:\/\/chiesasavona.it\/ilnuovoletimbro\/wp-content\/uploads\/sites\/4\/2026\/08\/Varazze-festa-san-Bartolomeo-03-768x354.jpg 768w\" sizes=\"auto, (max-width: 1280px) 100vw, 1280px\" \/><\/a>\n\t\t\t<\/div>\n\t\t\t\t<figcaption class='wp-caption-text gallery-caption' id='gallery-1-2188'>\n\t\t\t\tLa festa di san Bartolomeo apostolo a Varazze\n\t\t\t\t<\/figcaption><\/figure>\n\t\t<\/div>\n\n","protected":false},"excerpt":{"rendered":"<p>Varazze. Torna l\u2019appuntamento con la festa di san Bartolomeo apostolo, patrono dei pescatori, una ricorrenza profondamente legata alla storia e alla tradizione della comunit\u00e0. Devozione popolare e tradizione confraternale si intrecciano nelle celebrazioni promosse dalla Confraternita di San Bartolomeo, insieme alla Parrocchia di Sant\u2019Ambrogio e alla Chiesa conventuale di San Domenico. Il momento centrale sar\u00e0, [&hellip;]<\/p>\n","protected":false},"author":0,"featured_media":2186,"comment_status":"closed","ping_status":"open","sticky":false,"template":"","format":"standard","meta":{"_acf_changed":false,"footnotes":""},"categories":[65,69,37,64],"tags":[19,235,229],"class_list":["post-2023","post","type-post","status-publish","format-standard","has-post-thumbnail","hentry","category-associazioni","category-eventi","category-home","category-parrocchie","tag-confraternite","tag-festa-san-bartolomeo-varazze","tag-varazze"],"acf":[],"yoast_head":"<!-- This site is optimized with the Yoast SEO plugin v22.3 - https:\/\/yoast.com\/wordpress\/plugins\/seo\/ -->\n<title>Varazze ricorda san Bartolomeo - il Nuovo Letimbro<\/title>\n<meta name=\"description\" content=\"Varazze celebra San Bartolomeo il 23 e 24 agosto: messe, processione, benedizione al mare e patrimonio storico-artistico dell\u2019Oratorio.\" \/>\n<meta name=\"robots\" content=\"index, follow, max-snippet:-1, max-image-preview:large, max-video-preview:-1\" \/>\n<link rel=\"canonical\" href=\"https:\/\/chiesasavona.it\/ilnuovoletimbro\/2026\/08\/22\/varazze-ricorda-san-bartolomeo\/\" \/>\n<meta property=\"og:locale\" content=\"it_IT\" \/>\n<meta property=\"og:type\" content=\"article\" \/>\n<meta property=\"og:title\" content=\"Varazze ricorda san Bartolomeo - il Nuovo Letimbro\" \/>\n<meta property=\"og:description\" content=\"Varazze celebra San Bartolomeo il 23 e 24 agosto: messe, processione, benedizione al mare e patrimonio storico-artistico dell\u2019Oratorio.\" \/>\n<meta property=\"og:url\" content=\"https:\/\/chiesasavona.it\/ilnuovoletimbro\/2026\/08\/22\/varazze-ricorda-san-bartolomeo\/\" \/>\n<meta property=\"og:site_name\" content=\"il Nuovo Letimbro\" \/>\n<meta property=\"article:published_time\" content=\"2026-08-22T15:35:12+00:00\" \/>\n<meta property=\"article:modified_time\" content=\"2026-08-26T17:11:50+00:00\" \/>\n<meta property=\"og:image\" content=\"http:\/\/chiesasavona.it\/ilnuovoletimbro\/wp-content\/uploads\/sites\/4\/2026\/08\/Varazze-festa-san-Bartolomeo-01.jpg\" \/>\n\t<meta property=\"og:image:width\" content=\"1280\" \/>\n\t<meta property=\"og:image:height\" content=\"853\" \/>\n\t<meta property=\"og:image:type\" content=\"image\/jpeg\" \/>\n<meta name=\"author\" content=\"Lorenzo Bisio\" \/>\n<meta name=\"twitter:card\" content=\"summary_large_image\" \/>\n<meta name=\"twitter:label1\" content=\"Written by\" \/>\n\t<meta name=\"twitter:data1\" content=\"\" \/>\n\t<meta name=\"twitter:label2\" content=\"Est. reading time\" \/>\n\t<meta name=\"twitter:data2\" content=\"3 minuti\" \/>\n<script type=\"application\/ld+json\" class=\"yoast-schema-graph\">{\"@context\":\"https:\/\/schema.org\",\"@graph\":[{\"@type\":\"Article\",\"@id\":\"https:\/\/chiesasavona.it\/ilnuovoletimbro\/2026\/08\/22\/varazze-ricorda-san-bartolomeo\/#article\",\"isPartOf\":{\"@id\":\"https:\/\/chiesasavona.it\/ilnuovoletimbro\/2026\/08\/22\/varazze-ricorda-san-bartolomeo\/\"},\"author\":{\"name\":\"Lorenzo Bisio\",\"@id\":\"https:\/\/chiesasavona.it\/ilnuovoletimbro\/#\/schema\/person\/1963e21015768efde086b36334ddc143\"},\"headline\":\"Varazze ricorda san Bartolomeo\",\"datePublished\":\"2026-08-22T15:35:12+00:00\",\"dateModified\":\"2026-08-26T17:11:50+00:00\",\"mainEntityOfPage\":{\"@id\":\"https:\/\/chiesasavona.it\/ilnuovoletimbro\/2026\/08\/22\/varazze-ricorda-san-bartolomeo\/\"},\"wordCount\":397,\"publisher\":{\"@id\":\"https:\/\/chiesasavona.it\/ilnuovoletimbro\/#organization\"},\"image\":{\"@id\":\"https:\/\/chiesasavona.it\/ilnuovoletimbro\/2026\/08\/22\/varazze-ricorda-san-bartolomeo\/#primaryimage\"},\"thumbnailUrl\":\"https:\/\/chiesasavona.it\/ilnuovoletimbro\/wp-content\/uploads\/sites\/4\/2026\/08\/Varazze-festa-san-Bartolomeo-01.jpg\",\"keywords\":[\"confraternite\",\"festa san bartolomeo varazze\",\"varazze\"],\"articleSection\":[\"Associazioni\",\"Eventi\",\"Home\",\"Parrocchie\"],\"inLanguage\":\"it-IT\"},{\"@type\":\"WebPage\",\"@id\":\"https:\/\/chiesasavona.it\/ilnuovoletimbro\/2026\/08\/22\/varazze-ricorda-san-bartolomeo\/\",\"url\":\"https:\/\/chiesasavona.it\/ilnuovoletimbro\/2026\/08\/22\/varazze-ricorda-san-bartolomeo\/\",\"name\":\"Varazze ricorda san Bartolomeo - il Nuovo Letimbro\",\"isPartOf\":{\"@id\":\"https:\/\/chiesasavona.it\/ilnuovoletimbro\/#website\"},\"primaryImageOfPage\":{\"@id\":\"https:\/\/chiesasavona.it\/ilnuovoletimbro\/2026\/08\/22\/varazze-ricorda-san-bartolomeo\/#primaryimage\"},\"image\":{\"@id\":\"https:\/\/chiesasavona.it\/ilnuovoletimbro\/2026\/08\/22\/varazze-ricorda-san-bartolomeo\/#primaryimage\"},\"thumbnailUrl\":\"https:\/\/chiesasavona.it\/ilnuovoletimbro\/wp-content\/uploads\/sites\/4\/2026\/08\/Varazze-festa-san-Bartolomeo-01.jpg\",\"datePublished\":\"2026-08-22T15:35:12+00:00\",\"dateModified\":\"2026-08-26T17:11:50+00:00\",\"description\":\"Varazze celebra San Bartolomeo il 23 e 24 agosto: messe, processione, benedizione al mare e patrimonio storico-artistico dell\u2019Oratorio.\",\"breadcrumb\":{\"@id\":\"https:\/\/chiesasavona.it\/ilnuovoletimbro\/2026\/08\/22\/varazze-ricorda-san-bartolomeo\/#breadcrumb\"},\"inLanguage\":\"it-IT\",\"potentialAction\":[{\"@type\":\"ReadAction\",\"target\":[\"https:\/\/chiesasavona.it\/ilnuovoletimbro\/2026\/08\/22\/varazze-ricorda-san-bartolomeo\/\"]}]},{\"@type\":\"ImageObject\",\"inLanguage\":\"it-IT\",\"@id\":\"https:\/\/chiesasavona.it\/ilnuovoletimbro\/2026\/08\/22\/varazze-ricorda-san-bartolomeo\/#primaryimage\",\"url\":\"https:\/\/chiesasavona.it\/ilnuovoletimbro\/wp-content\/uploads\/sites\/4\/2026\/08\/Varazze-festa-san-Bartolomeo-01.jpg\",\"contentUrl\":\"https:\/\/chiesasavona.it\/ilnuovoletimbro\/wp-content\/uploads\/sites\/4\/2026\/08\/Varazze-festa-san-Bartolomeo-01.jpg\",\"width\":1280,\"height\":853,\"caption\":\"La festa di san Bartolomeo apostolo a Varazze\"},{\"@type\":\"BreadcrumbList\",\"@id\":\"https:\/\/chiesasavona.it\/ilnuovoletimbro\/2026\/08\/22\/varazze-ricorda-san-bartolomeo\/#breadcrumb\",\"itemListElement\":[{\"@type\":\"ListItem\",\"position\":1,\"name\":\"Home\",\"item\":\"https:\/\/chiesasavona.it\/ilnuovoletimbro\/\"},{\"@type\":\"ListItem\",\"position\":2,\"name\":\"Varazze ricorda san Bartolomeo\"}]},{\"@type\":\"WebSite\",\"@id\":\"https:\/\/chiesasavona.it\/ilnuovoletimbro\/#website\",\"url\":\"https:\/\/chiesasavona.it\/ilnuovoletimbro\/\",\"name\":\"il Nuovo Letimbro\",\"description\":\"Tutto il bello della diocesi di Savona-Noli!\",\"publisher\":{\"@id\":\"https:\/\/chiesasavona.it\/ilnuovoletimbro\/#organization\"},\"potentialAction\":[{\"@type\":\"SearchAction\",\"target\":{\"@type\":\"EntryPoint\",\"urlTemplate\":\"https:\/\/chiesasavona.it\/ilnuovoletimbro\/?s={search_term_string}\"},\"query-input\":\"required name=search_term_string\"}],\"inLanguage\":\"it-IT\"},{\"@type\":\"Organization\",\"@id\":\"https:\/\/chiesasavona.it\/ilnuovoletimbro\/#organization\",\"name\":\"il Nuovo Letimbro\",\"url\":\"https:\/\/chiesasavona.it\/ilnuovoletimbro\/\",\"logo\":{\"@type\":\"ImageObject\",\"inLanguage\":\"it-IT\",\"@id\":\"https:\/\/chiesasavona.it\/ilnuovoletimbro\/#\/schema\/logo\/image\/\",\"url\":\"https:\/\/chiesasavona.it\/ilnuovoletimbro\/wp-content\/uploads\/sites\/4\/2026\/03\/il-nuovo-letimbro.png\",\"contentUrl\":\"https:\/\/chiesasavona.it\/ilnuovoletimbro\/wp-content\/uploads\/sites\/4\/2026\/03\/il-nuovo-letimbro.png\",\"width\":623,\"height\":623,\"caption\":\"il Nuovo Letimbro\"},\"image\":{\"@id\":\"https:\/\/chiesasavona.it\/ilnuovoletimbro\/#\/schema\/logo\/image\/\"}}]}<\/script>\n<!-- \/ Yoast SEO plugin. -->","yoast_head_json":{"title":"Varazze ricorda san Bartolomeo - il Nuovo Letimbro","description":"Varazze celebra San Bartolomeo il 23 e 24 agosto: messe, processione, benedizione al mare e patrimonio storico-artistico dell\u2019Oratorio.","robots":{"index":"index","follow":"follow","max-snippet":"max-snippet:-1","max-image-preview":"max-image-preview:large","max-video-preview":"max-video-preview:-1"},"canonical":"https:\/\/chiesasavona.it\/ilnuovoletimbro\/2026\/08\/22\/varazze-ricorda-san-bartolomeo\/","og_locale":"it_IT","og_type":"article","og_title":"Varazze ricorda san Bartolomeo - il Nuovo Letimbro","og_description":"Varazze celebra San Bartolomeo il 23 e 24 agosto: messe, processione, benedizione al mare e patrimonio storico-artistico dell\u2019Oratorio.","og_url":"https:\/\/chiesasavona.it\/ilnuovoletimbro\/2026\/08\/22\/varazze-ricorda-san-bartolomeo\/","og_site_name":"il Nuovo Letimbro","article_published_time":"2026-08-22T15:35:12+00:00","article_modified_time":"2026-08-26T17:11:50+00:00","og_image":[{"width":1280,"height":853,"url":"http:\/\/chiesasavona.it\/ilnuovoletimbro\/wp-content\/uploads\/sites\/4\/2026\/08\/Varazze-festa-san-Bartolomeo-01.jpg","type":"image\/jpeg"}],"author":"Lorenzo Bisio","twitter_card":"summary_large_image","twitter_misc":{"Written by":"","Est. reading time":"3 minuti"},"schema":{"@context":"https:\/\/schema.org","@graph":[{"@type":"Article","@id":"https:\/\/chiesasavona.it\/ilnuovoletimbro\/2026\/08\/22\/varazze-ricorda-san-bartolomeo\/#article","isPartOf":{"@id":"https:\/\/chiesasavona.it\/ilnuovoletimbro\/2026\/08\/22\/varazze-ricorda-san-bartolomeo\/"},"author":{"name":"Lorenzo Bisio","@id":"https:\/\/chiesasavona.it\/ilnuovoletimbro\/#\/schema\/person\/1963e21015768efde086b36334ddc143"},"headline":"Varazze ricorda san Bartolomeo","datePublished":"2026-08-22T15:35:12+00:00","dateModified":"2026-08-26T17:11:50+00:00","mainEntityOfPage":{"@id":"https:\/\/chiesasavona.it\/ilnuovoletimbro\/2026\/08\/22\/varazze-ricorda-san-bartolomeo\/"},"wordCount":397,"publisher":{"@id":"https:\/\/chiesasavona.it\/ilnuovoletimbro\/#organization"},"image":{"@id":"https:\/\/chiesasavona.it\/ilnuovoletimbro\/2026\/08\/22\/varazze-ricorda-san-bartolomeo\/#primaryimage"},"thumbnailUrl":"https:\/\/chiesasavona.it\/ilnuovoletimbro\/wp-content\/uploads\/sites\/4\/2026\/08\/Varazze-festa-san-Bartolomeo-01.jpg","keywords":["confraternite","festa san bartolomeo varazze","varazze"],"articleSection":["Associazioni","Eventi","Home","Parrocchie"],"inLanguage":"it-IT"},{"@type":"WebPage","@id":"https:\/\/chiesasavona.it\/ilnuovoletimbro\/2026\/08\/22\/varazze-ricorda-san-bartolomeo\/","url":"https:\/\/chiesasavona.it\/ilnuovoletimbro\/2026\/08\/22\/varazze-ricorda-san-bartolomeo\/","name":"Varazze ricorda san Bartolomeo - il Nuovo Letimbro","isPartOf":{"@id":"https:\/\/chiesasavona.it\/ilnuovoletimbro\/#website"},"primaryImageOfPage":{"@id":"https:\/\/chiesasavona.it\/ilnuovoletimbro\/2026\/08\/22\/varazze-ricorda-san-bartolomeo\/#primaryimage"},"image":{"@id":"https:\/\/chiesasavona.it\/ilnuovoletimbro\/2026\/08\/22\/varazze-ricorda-san-bartolomeo\/#primaryimage"},"thumbnailUrl":"https:\/\/chiesasavona.it\/ilnuovoletimbro\/wp-content\/uploads\/sites\/4\/2026\/08\/Varazze-festa-san-Bartolomeo-01.jpg","datePublished":"2026-08-22T15:35:12+00:00","dateModified":"2026-08-26T17:11:50+00:00","description":"Varazze celebra San Bartolomeo il 23 e 24 agosto: messe, processione, benedizione al mare e patrimonio storico-artistico dell\u2019Oratorio.","breadcrumb":{"@id":"https:\/\/chiesasavona.it\/ilnuovoletimbro\/2026\/08\/22\/varazze-ricorda-san-bartolomeo\/#breadcrumb"},"inLanguage":"it-IT","potentialAction":[{"@type":"ReadAction","target":["https:\/\/chiesasavona.it\/ilnuovoletimbro\/2026\/08\/22\/varazze-ricorda-san-bartolomeo\/"]}]},{"@type":"ImageObject","inLanguage":"it-IT","@id":"https:\/\/chiesasavona.it\/ilnuovoletimbro\/2026\/08\/22\/varazze-ricorda-san-bartolomeo\/#primaryimage","url":"https:\/\/chiesasavona.it\/ilnuovoletimbro\/wp-content\/uploads\/sites\/4\/2026\/08\/Varazze-festa-san-Bartolomeo-01.jpg","contentUrl":"https:\/\/chiesasavona.it\/ilnuovoletimbro\/wp-content\/uploads\/sites\/4\/2026\/08\/Varazze-festa-san-Bartolomeo-01.jpg","width":1280,"height":853,"caption":"La festa di san Bartolomeo apostolo a Varazze"},{"@type":"BreadcrumbList","@id":"https:\/\/chiesasavona.it\/ilnuovoletimbro\/2026\/08\/22\/varazze-ricorda-san-bartolomeo\/#breadcrumb","itemListElement":[{"@type":"ListItem","position":1,"name":"Home","item":"https:\/\/chiesasavona.it\/ilnuovoletimbro\/"},{"@type":"ListItem","position":2,"name":"Varazze ricorda san Bartolomeo"}]},{"@type":"WebSite","@id":"https:\/\/chiesasavona.it\/ilnuovoletimbro\/#website","url":"https:\/\/chiesasavona.it\/ilnuovoletimbro\/","name":"il Nuovo Letimbro","description":"Tutto il bello della diocesi di Savona-Noli!","publisher":{"@id":"https:\/\/chiesasavona.it\/ilnuovoletimbro\/#organization"},"potentialAction":[{"@type":"SearchAction","target":{"@type":"EntryPoint","urlTemplate":"https:\/\/chiesasavona.it\/ilnuovoletimbro\/?s={search_term_string}"},"query-input":"required name=search_term_string"}],"inLanguage":"it-IT"},{"@type":"Organization","@id":"https:\/\/chiesasavona.it\/ilnuovoletimbro\/#organization","name":"il Nuovo Letimbro","url":"https:\/\/chiesasavona.it\/ilnuovoletimbro\/","logo":{"@type":"ImageObject","inLanguage":"it-IT","@id":"https:\/\/chiesasavona.it\/ilnuovoletimbro\/#\/schema\/logo\/image\/","url":"https:\/\/chiesasavona.it\/ilnuovoletimbro\/wp-content\/uploads\/sites\/4\/2026\/03\/il-nuovo-letimbro.png","contentUrl":"https:\/\/chiesasavona.it\/ilnuovoletimbro\/wp-content\/uploads\/sites\/4\/2026\/03\/il-nuovo-letimbro.png","width":623,"height":623,"caption":"il Nuovo Letimbro"},"image":{"@id":"https:\/\/chiesasavona.it\/ilnuovoletimbro\/#\/schema\/logo\/image\/"}}]}},"_links":{"self":[{"href":"https:\/\/chiesasavona.it\/ilnuovoletimbro\/wp-json\/wp\/v2\/posts\/2023","targetHints":{"allow":["GET"]}}],"collection":[{"href":"https:\/\/chiesasavona.it\/ilnuovoletimbro\/wp-json\/wp\/v2\/posts"}],"about":[{"href":"https:\/\/chiesasavona.it\/ilnuovoletimbro\/wp-json\/wp\/v2\/types\/post"}],"author":[{"embeddable":true,"href":"https:\/\/chiesasavona.it\/ilnuovoletimbro\/wp-json\/wp\/v2\/users\/9"}],"replies":[{"embeddable":true,"href":"https:\/\/chiesasavona.it\/ilnuovoletimbro\/wp-json\/wp\/v2\/comments?post=2023"}],"version-history":[{"count":30,"href":"https:\/\/chiesasavona.it\/ilnuovoletimbro\/wp-json\/wp\/v2\/posts\/2023\/revisions"}],"predecessor-version":[{"id":2189,"href":"https:\/\/chiesasavona.it\/ilnuovoletimbro\/wp-json\/wp\/v2\/posts\/2023\/revisions\/2189"}],"wp:featuredmedia":[{"embeddable":true,"href":"https:\/\/chiesasavona.it\/ilnuovoletimbro\/wp-json\/wp\/v2\/media\/2186"}],"wp:attachment":[{"href":"https:\/\/chiesasavona.it\/ilnuovoletimbro\/wp-json\/wp\/v2\/media?parent=2023"}],"wp:term":[{"taxonomy":"category","embeddable":true,"href":"https:\/\/chiesasavona.it\/ilnuovoletimbro\/wp-json\/wp\/v2\/categories?post=2023"},{"taxonomy":"post_tag","embeddable":true,"href":"https:\/\/chiesasavona.it\/ilnuovoletimbro\/wp-json\/wp\/v2\/tags?post=2023"}],"curies":[{"name":"wp","href":"https:\/\/api.w.org\/{rel}","templated":true}]}}