{"id":2048,"date":"2026-08-24T14:53:33","date_gmt":"2026-08-24T12:53:33","guid":{"rendered":"https:\/\/chiesasavona.it\/ilnuovoletimbro\/?p=2048"},"modified":"2026-08-28T19:49:13","modified_gmt":"2026-08-28T17:49:13","slug":"petruzzelli-al-nuovo-letimbro-risvegliare-la-coscienza-ecologica","status":"publish","type":"post","link":"https:\/\/chiesasavona.it\/ilnuovoletimbro\/2026\/08\/24\/petruzzelli-al-nuovo-letimbro-risvegliare-la-coscienza-ecologica\/","title":{"rendered":"Petruzzelli al Nuovo Letimbro: &#8220;Risvegliare la coscienza ecologica&#8221;"},"content":{"rendered":"<p><strong>Dego<\/strong>. Il 16 agosto la chiesa in localit\u00e0 Castello ha ospitato il terzo appuntamento della rassegna \u201cTra Cielo e Mare &#8211; Lo spettacolo dell\u2019entroterra\u201d, ideata dal Centro Teatro Ipotesi con la direzione artistica di <strong>Pino Petruzzelli<\/strong> e il sostegno di Fondazione De Mari CR Savona e Coop Liguria.<\/p>\n<p>Un&#8217;occasione unica per riscoprire il borgo dell\u2019entroterra savonese, noto per il suo valore terapeutico e psicofisico legato all&#8217;ambiente e alla biodiversit\u00e0 dell\u2019area \u201cLa Collina del Dego\u201d, fino al patrimonio unico della sua scogliera corallina fossile, una delle pi\u00f9 grandi in Europa, illustrata dal giornalista e scrittore <strong>Daniele Grillo<\/strong>.<\/p>\n<p>Ad aprire l&#8217;evento \u00e8 stato lo spettacolo &#8220;<strong>La Terra degli Ulivi<\/strong>&#8220;, un&#8217;orazione civile di e con lo stesso Petruzzelli, nata dal confronto diretto con i produttori di olio intrisa di dialetti, tradizione e storia locali.<\/p>\n<p>A seguito dell\u2019evento, l&#8217;attore e regista ha condiviso con <a href=\"https:\/\/chiesasavona.it\/ilnuovoletimbro\/\">il Nuovo Letimbro<\/a> una profonda riflessione sul rapporto tra uomo, natura e arte. \u201cIl <strong>rispetto della natura<\/strong> e il ritrovamento di un equilibrio con essa sono fondamentali perch\u00e9 da essa dipende la nostra vita. Oggi siamo chiamati a proteggere questa bellezza per le generazioni future: ognuno si deve impegnare a lasciare il pianeta meglio di come lo ha trovato &#8211; spiega Petruzzelli &#8211; Sostenere <strong>antichi mestieri<\/strong>, come quello del contadino, significa garantire un reddito a molti e portare prodotti migliori sulle nostre tavole\u201d.<\/p>\n<p>Un passaggio cruciale riguarda <strong>il ruolo della cultura<\/strong> oggi: \u201cCon i <strong>social media<\/strong> e l\u2019<strong>informazione<\/strong> quotidiana, ci concentriamo spesso solo sul titolo di una notizia senza leggerne il contenuto. Con il mio spettacolo voglio andare oltre, far toccare con mano le esperienze e le emozioni per risvegliare una vera coscienza ecologica nei miei spettatori. Anche appuntamenti come la Giornata diocesana per la Custodia del <strong>Creato<\/strong> sono fondamentali per capire come migliorarci.&#8221;<\/p>\n<p>La riflessione si \u00e8 anche spostata sul come riaccendere l\u2019attenzione verso il <strong>cambiamento climatico<\/strong>: \u201cQuest\u2019anno con il <strong>caldo torrido<\/strong> abbiamo fatto esperienza concreta di ci\u00f2 che sta accadendo. Approfondendo si scoprirebbe che questi <strong>fenomeni estremi<\/strong> sono proprio causati dall\u2019<strong>azione dell\u2019uomo<\/strong>. Tanti oggi stanno iniziando a riflettere ma ancora troppe persone portano avanti interessi che ricadono sugli altri, su se stessi e sull\u2019ambiente\u201d.<\/p>\n<p>Spazio anche alla risposta del pubblico: \u201cNei borghi come <strong>Dego<\/strong> trovo un&#8217;attenzione e una partecipazione straordinaria. I piccoli paesi mi permettono di confrontarmi con la gente del posto che si d\u00e0 quotidianamente da fare. \u00c8 necessario che queste piccole realt\u00e0 non spariscano. Oggi fortunatamente assistiamo ad un&#8217;inversione di tendenza con molti ragazzi che scelgono di ritornare in queste comunit\u00e0: \u00e8 una scelta che va sostenuta\u201d.<\/p>\n<p>\u201cAi giovani consiglio di <strong>ascoltare gli anziani<\/strong> dei paesi, custodi di saggezza, esperienze di vita e sapere antico. Se oggi ognuno di noi pu\u00f2 scegliere che carriera intraprendere \u00e8 grazie alla generazione dei nostri nonni, i cui sforzi hanno permesso a noi di poter decidere.\u201d<\/p>\n<p>Il viaggio della rassegna si concluder\u00e0 il 4 settembre alle ore 21 a <strong>Quiliano<\/strong> presso il Parco san Pietro in Carpignano, con l&#8217;ultima replica de \u201cLa Terra degli Ulivi\u201d insieme ad Alberto Puppo.<\/p>\n","protected":false},"excerpt":{"rendered":"<p>Dego. Il 16 agosto la chiesa in localit\u00e0 Castello ha ospitato il terzo appuntamento della rassegna \u201cTra Cielo e Mare &#8211; Lo spettacolo dell\u2019entroterra\u201d, ideata dal Centro Teatro Ipotesi con la direzione artistica di Pino Petruzzelli e il sostegno di Fondazione De Mari CR Savona e Coop Liguria. Un&#8217;occasione unica per riscoprire il borgo dell\u2019entroterra [&hellip;]<\/p>\n","protected":false},"author":0,"featured_media":2174,"comment_status":"closed","ping_status":"open","sticky":false,"template":"","format":"standard","meta":{"_acf_changed":false,"footnotes":""},"categories":[4,37,66],"tags":[233,231],"class_list":["post-2048","post","type-post","status-publish","format-standard","has-post-thumbnail","hentry","category-cultura","category-home","category-societa","tag-giornata-diocesana-custodia-creato","tag-pino-petruzzelli"],"acf":[],"yoast_head":"<!-- This site is optimized with the Yoast SEO plugin v22.3 - https:\/\/yoast.com\/wordpress\/plugins\/seo\/ -->\n<title>Petruzzelli al Nuovo Letimbro: &quot;Risvegliare la coscienza ecologica&quot; - il Nuovo Letimbro<\/title>\n<meta name=\"description\" content=\"Nel borgo dell\u2019entroterra savonese, noto per la sua bellezza, uno spettacolo per risvegliare una vera coscienza ecologica negli spettatori\" \/>\n<meta name=\"robots\" content=\"index, follow, max-snippet:-1, max-image-preview:large, max-video-preview:-1\" \/>\n<link rel=\"canonical\" href=\"https:\/\/chiesasavona.it\/ilnuovoletimbro\/2026\/08\/24\/petruzzelli-al-nuovo-letimbro-risvegliare-la-coscienza-ecologica\/\" \/>\n<meta property=\"og:locale\" content=\"it_IT\" \/>\n<meta property=\"og:type\" content=\"article\" \/>\n<meta property=\"og:title\" content=\"Petruzzelli al Nuovo Letimbro: &quot;Risvegliare la coscienza ecologica&quot; - il Nuovo Letimbro\" \/>\n<meta property=\"og:description\" content=\"Nel borgo dell\u2019entroterra savonese, noto per la sua bellezza, uno spettacolo per risvegliare una vera coscienza ecologica negli spettatori\" \/>\n<meta property=\"og:url\" content=\"https:\/\/chiesasavona.it\/ilnuovoletimbro\/2026\/08\/24\/petruzzelli-al-nuovo-letimbro-risvegliare-la-coscienza-ecologica\/\" \/>\n<meta property=\"og:site_name\" content=\"il Nuovo Letimbro\" \/>\n<meta property=\"article:published_time\" content=\"2026-08-24T12:53:33+00:00\" \/>\n<meta property=\"article:modified_time\" content=\"2026-08-28T17:49:13+00:00\" \/>\n<meta property=\"og:image\" content=\"http:\/\/chiesasavona.it\/ilnuovoletimbro\/wp-content\/uploads\/sites\/4\/2026\/08\/Dego-Pino-Petruzzelli-01.jpg\" \/>\n\t<meta property=\"og:image:width\" content=\"1280\" \/>\n\t<meta property=\"og:image:height\" content=\"960\" \/>\n\t<meta property=\"og:image:type\" content=\"image\/jpeg\" \/>\n<meta name=\"author\" content=\"pedalino\" \/>\n<meta name=\"twitter:card\" content=\"summary_large_image\" \/>\n<meta name=\"twitter:label1\" content=\"Written by\" \/>\n\t<meta name=\"twitter:data1\" content=\"\" \/>\n\t<meta name=\"twitter:label2\" content=\"Est. reading time\" \/>\n\t<meta name=\"twitter:data2\" content=\"3 minuti\" \/>\n<script type=\"application\/ld+json\" class=\"yoast-schema-graph\">{\"@context\":\"https:\/\/schema.org\",\"@graph\":[{\"@type\":\"Article\",\"@id\":\"https:\/\/chiesasavona.it\/ilnuovoletimbro\/2026\/08\/24\/petruzzelli-al-nuovo-letimbro-risvegliare-la-coscienza-ecologica\/#article\",\"isPartOf\":{\"@id\":\"https:\/\/chiesasavona.it\/ilnuovoletimbro\/2026\/08\/24\/petruzzelli-al-nuovo-letimbro-risvegliare-la-coscienza-ecologica\/\"},\"author\":{\"name\":\"pedalino\",\"@id\":\"https:\/\/chiesasavona.it\/ilnuovoletimbro\/#\/schema\/person\/6868049acc06c8b39e97804ce5d33c50\"},\"headline\":\"Petruzzelli al Nuovo Letimbro: &#8220;Risvegliare la coscienza ecologica&#8221;\",\"datePublished\":\"2026-08-24T12:53:33+00:00\",\"dateModified\":\"2026-08-28T17:49:13+00:00\",\"mainEntityOfPage\":{\"@id\":\"https:\/\/chiesasavona.it\/ilnuovoletimbro\/2026\/08\/24\/petruzzelli-al-nuovo-letimbro-risvegliare-la-coscienza-ecologica\/\"},\"wordCount\":517,\"publisher\":{\"@id\":\"https:\/\/chiesasavona.it\/ilnuovoletimbro\/#organization\"},\"image\":{\"@id\":\"https:\/\/chiesasavona.it\/ilnuovoletimbro\/2026\/08\/24\/petruzzelli-al-nuovo-letimbro-risvegliare-la-coscienza-ecologica\/#primaryimage\"},\"thumbnailUrl\":\"https:\/\/chiesasavona.it\/ilnuovoletimbro\/wp-content\/uploads\/sites\/4\/2026\/08\/Dego-Pino-Petruzzelli-01.jpg\",\"keywords\":[\"giornata diocesana custodia creato\",\"Pino Petruzzelli\"],\"articleSection\":[\"Cultura\",\"Home\",\"Societ\u00e0\"],\"inLanguage\":\"it-IT\"},{\"@type\":\"WebPage\",\"@id\":\"https:\/\/chiesasavona.it\/ilnuovoletimbro\/2026\/08\/24\/petruzzelli-al-nuovo-letimbro-risvegliare-la-coscienza-ecologica\/\",\"url\":\"https:\/\/chiesasavona.it\/ilnuovoletimbro\/2026\/08\/24\/petruzzelli-al-nuovo-letimbro-risvegliare-la-coscienza-ecologica\/\",\"name\":\"Petruzzelli al Nuovo Letimbro: \\\"Risvegliare la coscienza ecologica\\\" - il Nuovo Letimbro\",\"isPartOf\":{\"@id\":\"https:\/\/chiesasavona.it\/ilnuovoletimbro\/#website\"},\"primaryImageOfPage\":{\"@id\":\"https:\/\/chiesasavona.it\/ilnuovoletimbro\/2026\/08\/24\/petruzzelli-al-nuovo-letimbro-risvegliare-la-coscienza-ecologica\/#primaryimage\"},\"image\":{\"@id\":\"https:\/\/chiesasavona.it\/ilnuovoletimbro\/2026\/08\/24\/petruzzelli-al-nuovo-letimbro-risvegliare-la-coscienza-ecologica\/#primaryimage\"},\"thumbnailUrl\":\"https:\/\/chiesasavona.it\/ilnuovoletimbro\/wp-content\/uploads\/sites\/4\/2026\/08\/Dego-Pino-Petruzzelli-01.jpg\",\"datePublished\":\"2026-08-24T12:53:33+00:00\",\"dateModified\":\"2026-08-28T17:49:13+00:00\",\"description\":\"Nel borgo dell\u2019entroterra savonese, noto per la sua bellezza, uno spettacolo per risvegliare una vera coscienza ecologica negli spettatori\",\"breadcrumb\":{\"@id\":\"https:\/\/chiesasavona.it\/ilnuovoletimbro\/2026\/08\/24\/petruzzelli-al-nuovo-letimbro-risvegliare-la-coscienza-ecologica\/#breadcrumb\"},\"inLanguage\":\"it-IT\",\"potentialAction\":[{\"@type\":\"ReadAction\",\"target\":[\"https:\/\/chiesasavona.it\/ilnuovoletimbro\/2026\/08\/24\/petruzzelli-al-nuovo-letimbro-risvegliare-la-coscienza-ecologica\/\"]}]},{\"@type\":\"ImageObject\",\"inLanguage\":\"it-IT\",\"@id\":\"https:\/\/chiesasavona.it\/ilnuovoletimbro\/2026\/08\/24\/petruzzelli-al-nuovo-letimbro-risvegliare-la-coscienza-ecologica\/#primaryimage\",\"url\":\"https:\/\/chiesasavona.it\/ilnuovoletimbro\/wp-content\/uploads\/sites\/4\/2026\/08\/Dego-Pino-Petruzzelli-01.jpg\",\"contentUrl\":\"https:\/\/chiesasavona.it\/ilnuovoletimbro\/wp-content\/uploads\/sites\/4\/2026\/08\/Dego-Pino-Petruzzelli-01.jpg\",\"width\":1280,\"height\":960},{\"@type\":\"BreadcrumbList\",\"@id\":\"https:\/\/chiesasavona.it\/ilnuovoletimbro\/2026\/08\/24\/petruzzelli-al-nuovo-letimbro-risvegliare-la-coscienza-ecologica\/#breadcrumb\",\"itemListElement\":[{\"@type\":\"ListItem\",\"position\":1,\"name\":\"Home\",\"item\":\"https:\/\/chiesasavona.it\/ilnuovoletimbro\/\"},{\"@type\":\"ListItem\",\"position\":2,\"name\":\"Petruzzelli al Nuovo Letimbro: &#8220;Risvegliare la coscienza ecologica&#8221;\"}]},{\"@type\":\"WebSite\",\"@id\":\"https:\/\/chiesasavona.it\/ilnuovoletimbro\/#website\",\"url\":\"https:\/\/chiesasavona.it\/ilnuovoletimbro\/\",\"name\":\"il Nuovo Letimbro\",\"description\":\"Tutto il bello della diocesi di Savona-Noli!\",\"publisher\":{\"@id\":\"https:\/\/chiesasavona.it\/ilnuovoletimbro\/#organization\"},\"potentialAction\":[{\"@type\":\"SearchAction\",\"target\":{\"@type\":\"EntryPoint\",\"urlTemplate\":\"https:\/\/chiesasavona.it\/ilnuovoletimbro\/?s={search_term_string}\"},\"query-input\":\"required name=search_term_string\"}],\"inLanguage\":\"it-IT\"},{\"@type\":\"Organization\",\"@id\":\"https:\/\/chiesasavona.it\/ilnuovoletimbro\/#organization\",\"name\":\"il Nuovo Letimbro\",\"url\":\"https:\/\/chiesasavona.it\/ilnuovoletimbro\/\",\"logo\":{\"@type\":\"ImageObject\",\"inLanguage\":\"it-IT\",\"@id\":\"https:\/\/chiesasavona.it\/ilnuovoletimbro\/#\/schema\/logo\/image\/\",\"url\":\"https:\/\/chiesasavona.it\/ilnuovoletimbro\/wp-content\/uploads\/sites\/4\/2026\/03\/il-nuovo-letimbro.png\",\"contentUrl\":\"https:\/\/chiesasavona.it\/ilnuovoletimbro\/wp-content\/uploads\/sites\/4\/2026\/03\/il-nuovo-letimbro.png\",\"width\":623,\"height\":623,\"caption\":\"il Nuovo Letimbro\"},\"image\":{\"@id\":\"https:\/\/chiesasavona.it\/ilnuovoletimbro\/#\/schema\/logo\/image\/\"}}]}<\/script>\n<!-- \/ Yoast SEO plugin. -->","yoast_head_json":{"title":"Petruzzelli al Nuovo Letimbro: \"Risvegliare la coscienza ecologica\" - il Nuovo Letimbro","description":"Nel borgo dell\u2019entroterra savonese, noto per la sua bellezza, uno spettacolo per risvegliare una vera coscienza ecologica negli spettatori","robots":{"index":"index","follow":"follow","max-snippet":"max-snippet:-1","max-image-preview":"max-image-preview:large","max-video-preview":"max-video-preview:-1"},"canonical":"https:\/\/chiesasavona.it\/ilnuovoletimbro\/2026\/08\/24\/petruzzelli-al-nuovo-letimbro-risvegliare-la-coscienza-ecologica\/","og_locale":"it_IT","og_type":"article","og_title":"Petruzzelli al Nuovo Letimbro: \"Risvegliare la coscienza ecologica\" - il Nuovo Letimbro","og_description":"Nel borgo dell\u2019entroterra savonese, noto per la sua bellezza, uno spettacolo per risvegliare una vera coscienza ecologica negli spettatori","og_url":"https:\/\/chiesasavona.it\/ilnuovoletimbro\/2026\/08\/24\/petruzzelli-al-nuovo-letimbro-risvegliare-la-coscienza-ecologica\/","og_site_name":"il Nuovo Letimbro","article_published_time":"2026-08-24T12:53:33+00:00","article_modified_time":"2026-08-28T17:49:13+00:00","og_image":[{"width":1280,"height":960,"url":"http:\/\/chiesasavona.it\/ilnuovoletimbro\/wp-content\/uploads\/sites\/4\/2026\/08\/Dego-Pino-Petruzzelli-01.jpg","type":"image\/jpeg"}],"author":"pedalino","twitter_card":"summary_large_image","twitter_misc":{"Written by":"","Est. reading time":"3 minuti"},"schema":{"@context":"https:\/\/schema.org","@graph":[{"@type":"Article","@id":"https:\/\/chiesasavona.it\/ilnuovoletimbro\/2026\/08\/24\/petruzzelli-al-nuovo-letimbro-risvegliare-la-coscienza-ecologica\/#article","isPartOf":{"@id":"https:\/\/chiesasavona.it\/ilnuovoletimbro\/2026\/08\/24\/petruzzelli-al-nuovo-letimbro-risvegliare-la-coscienza-ecologica\/"},"author":{"name":"pedalino","@id":"https:\/\/chiesasavona.it\/ilnuovoletimbro\/#\/schema\/person\/6868049acc06c8b39e97804ce5d33c50"},"headline":"Petruzzelli al Nuovo Letimbro: &#8220;Risvegliare la coscienza ecologica&#8221;","datePublished":"2026-08-24T12:53:33+00:00","dateModified":"2026-08-28T17:49:13+00:00","mainEntityOfPage":{"@id":"https:\/\/chiesasavona.it\/ilnuovoletimbro\/2026\/08\/24\/petruzzelli-al-nuovo-letimbro-risvegliare-la-coscienza-ecologica\/"},"wordCount":517,"publisher":{"@id":"https:\/\/chiesasavona.it\/ilnuovoletimbro\/#organization"},"image":{"@id":"https:\/\/chiesasavona.it\/ilnuovoletimbro\/2026\/08\/24\/petruzzelli-al-nuovo-letimbro-risvegliare-la-coscienza-ecologica\/#primaryimage"},"thumbnailUrl":"https:\/\/chiesasavona.it\/ilnuovoletimbro\/wp-content\/uploads\/sites\/4\/2026\/08\/Dego-Pino-Petruzzelli-01.jpg","keywords":["giornata diocesana custodia creato","Pino Petruzzelli"],"articleSection":["Cultura","Home","Societ\u00e0"],"inLanguage":"it-IT"},{"@type":"WebPage","@id":"https:\/\/chiesasavona.it\/ilnuovoletimbro\/2026\/08\/24\/petruzzelli-al-nuovo-letimbro-risvegliare-la-coscienza-ecologica\/","url":"https:\/\/chiesasavona.it\/ilnuovoletimbro\/2026\/08\/24\/petruzzelli-al-nuovo-letimbro-risvegliare-la-coscienza-ecologica\/","name":"Petruzzelli al Nuovo Letimbro: \"Risvegliare la coscienza ecologica\" - il Nuovo Letimbro","isPartOf":{"@id":"https:\/\/chiesasavona.it\/ilnuovoletimbro\/#website"},"primaryImageOfPage":{"@id":"https:\/\/chiesasavona.it\/ilnuovoletimbro\/2026\/08\/24\/petruzzelli-al-nuovo-letimbro-risvegliare-la-coscienza-ecologica\/#primaryimage"},"image":{"@id":"https:\/\/chiesasavona.it\/ilnuovoletimbro\/2026\/08\/24\/petruzzelli-al-nuovo-letimbro-risvegliare-la-coscienza-ecologica\/#primaryimage"},"thumbnailUrl":"https:\/\/chiesasavona.it\/ilnuovoletimbro\/wp-content\/uploads\/sites\/4\/2026\/08\/Dego-Pino-Petruzzelli-01.jpg","datePublished":"2026-08-24T12:53:33+00:00","dateModified":"2026-08-28T17:49:13+00:00","description":"Nel borgo dell\u2019entroterra savonese, noto per la sua bellezza, uno spettacolo per risvegliare una vera coscienza ecologica negli spettatori","breadcrumb":{"@id":"https:\/\/chiesasavona.it\/ilnuovoletimbro\/2026\/08\/24\/petruzzelli-al-nuovo-letimbro-risvegliare-la-coscienza-ecologica\/#breadcrumb"},"inLanguage":"it-IT","potentialAction":[{"@type":"ReadAction","target":["https:\/\/chiesasavona.it\/ilnuovoletimbro\/2026\/08\/24\/petruzzelli-al-nuovo-letimbro-risvegliare-la-coscienza-ecologica\/"]}]},{"@type":"ImageObject","inLanguage":"it-IT","@id":"https:\/\/chiesasavona.it\/ilnuovoletimbro\/2026\/08\/24\/petruzzelli-al-nuovo-letimbro-risvegliare-la-coscienza-ecologica\/#primaryimage","url":"https:\/\/chiesasavona.it\/ilnuovoletimbro\/wp-content\/uploads\/sites\/4\/2026\/08\/Dego-Pino-Petruzzelli-01.jpg","contentUrl":"https:\/\/chiesasavona.it\/ilnuovoletimbro\/wp-content\/uploads\/sites\/4\/2026\/08\/Dego-Pino-Petruzzelli-01.jpg","width":1280,"height":960},{"@type":"BreadcrumbList","@id":"https:\/\/chiesasavona.it\/ilnuovoletimbro\/2026\/08\/24\/petruzzelli-al-nuovo-letimbro-risvegliare-la-coscienza-ecologica\/#breadcrumb","itemListElement":[{"@type":"ListItem","position":1,"name":"Home","item":"https:\/\/chiesasavona.it\/ilnuovoletimbro\/"},{"@type":"ListItem","position":2,"name":"Petruzzelli al Nuovo Letimbro: &#8220;Risvegliare la coscienza ecologica&#8221;"}]},{"@type":"WebSite","@id":"https:\/\/chiesasavona.it\/ilnuovoletimbro\/#website","url":"https:\/\/chiesasavona.it\/ilnuovoletimbro\/","name":"il Nuovo Letimbro","description":"Tutto il bello della diocesi di Savona-Noli!","publisher":{"@id":"https:\/\/chiesasavona.it\/ilnuovoletimbro\/#organization"},"potentialAction":[{"@type":"SearchAction","target":{"@type":"EntryPoint","urlTemplate":"https:\/\/chiesasavona.it\/ilnuovoletimbro\/?s={search_term_string}"},"query-input":"required name=search_term_string"}],"inLanguage":"it-IT"},{"@type":"Organization","@id":"https:\/\/chiesasavona.it\/ilnuovoletimbro\/#organization","name":"il Nuovo Letimbro","url":"https:\/\/chiesasavona.it\/ilnuovoletimbro\/","logo":{"@type":"ImageObject","inLanguage":"it-IT","@id":"https:\/\/chiesasavona.it\/ilnuovoletimbro\/#\/schema\/logo\/image\/","url":"https:\/\/chiesasavona.it\/ilnuovoletimbro\/wp-content\/uploads\/sites\/4\/2026\/03\/il-nuovo-letimbro.png","contentUrl":"https:\/\/chiesasavona.it\/ilnuovoletimbro\/wp-content\/uploads\/sites\/4\/2026\/03\/il-nuovo-letimbro.png","width":623,"height":623,"caption":"il Nuovo Letimbro"},"image":{"@id":"https:\/\/chiesasavona.it\/ilnuovoletimbro\/#\/schema\/logo\/image\/"}}]}},"_links":{"self":[{"href":"https:\/\/chiesasavona.it\/ilnuovoletimbro\/wp-json\/wp\/v2\/posts\/2048","targetHints":{"allow":["GET"]}}],"collection":[{"href":"https:\/\/chiesasavona.it\/ilnuovoletimbro\/wp-json\/wp\/v2\/posts"}],"about":[{"href":"https:\/\/chiesasavona.it\/ilnuovoletimbro\/wp-json\/wp\/v2\/types\/post"}],"author":[{"embeddable":true,"href":"https:\/\/chiesasavona.it\/ilnuovoletimbro\/wp-json\/wp\/v2\/users\/8"}],"replies":[{"embeddable":true,"href":"https:\/\/chiesasavona.it\/ilnuovoletimbro\/wp-json\/wp\/v2\/comments?post=2048"}],"version-history":[{"count":16,"href":"https:\/\/chiesasavona.it\/ilnuovoletimbro\/wp-json\/wp\/v2\/posts\/2048\/revisions"}],"predecessor-version":[{"id":2175,"href":"https:\/\/chiesasavona.it\/ilnuovoletimbro\/wp-json\/wp\/v2\/posts\/2048\/revisions\/2175"}],"wp:featuredmedia":[{"embeddable":true,"href":"https:\/\/chiesasavona.it\/ilnuovoletimbro\/wp-json\/wp\/v2\/media\/2174"}],"wp:attachment":[{"href":"https:\/\/chiesasavona.it\/ilnuovoletimbro\/wp-json\/wp\/v2\/media?parent=2048"}],"wp:term":[{"taxonomy":"category","embeddable":true,"href":"https:\/\/chiesasavona.it\/ilnuovoletimbro\/wp-json\/wp\/v2\/categories?post=2048"},{"taxonomy":"post_tag","embeddable":true,"href":"https:\/\/chiesasavona.it\/ilnuovoletimbro\/wp-json\/wp\/v2\/tags?post=2048"}],"curies":[{"name":"wp","href":"https:\/\/api.w.org\/{rel}","templated":true}]}}