{"id":2128,"date":"2026-08-26T16:33:24","date_gmt":"2026-08-26T14:33:24","guid":{"rendered":"https:\/\/chiesasavona.it\/ilnuovoletimbro\/?p=2128"},"modified":"2026-08-26T19:47:19","modified_gmt":"2026-08-26T17:47:19","slug":"centrafrica-celebrata-la-prima-messa-nella-nuova-chiesa-di-kanza","status":"publish","type":"post","link":"https:\/\/chiesasavona.it\/ilnuovoletimbro\/2026\/08\/26\/centrafrica-celebrata-la-prima-messa-nella-nuova-chiesa-di-kanza\/","title":{"rendered":"Centrafrica, celebrata la prima messa nella nuova chiesa di Kanza"},"content":{"rendered":"<p><strong>Monasao (Repubblica Centrafricana)<\/strong>. Il 9 agosto nel piccolo villaggio di <strong>Kanza<\/strong> \u00e8 stata celebrata la prima messa nella nuova chiesa: un giorno atteso dieci anni e una grande gioia.<\/p>\n<p>&#8220;\u00c8 una comunit\u00e0 giovane, piccola e fatta di poveri, ma domenica si \u00e8 rivestita a festa per ringraziare il Signore per il dono della sua nuova chiesa, che sorge su una piccola collina del villaggio, guardando a tutti e benedicendo il villaggio&#8221;, scrive <strong>don Michele Farina<\/strong> in una lettera.<\/p>\n<p>&#8220;Abbiamo pregato, cantato e danzato per dire <strong>il nostro grazie<\/strong>, insieme anche ai fratelli delle Chiese protestanti e tutte le &#8216;autorit\u00e0&#8217; del piccolo villaggio &#8211; prosegue &#8211; Hanno partecipato membri di tutte le nostre comunit\u00e0, che nei giorni precedenti si sono messe in cammino per essere presenti.&#8221;<\/p>\n<p>Dopo la liturgia, la comunit\u00e0 ha offerto (con grande sforzo e sacrificio) un piccolo pasto a tutti (circa duecento persone). &#8220;Inizia <strong>un nuovo capitolo<\/strong> per questa nostra bella comunit\u00e0 &#8211; scrive ancora il missionario finalese &#8211; Presto faremo un nuovo campo di calcio sulla stessa collina e speriamo che questo segno, realizzato con l\u2019aiuto di tante persone, possa contribuire allo sviluppo di questo luogo che si trova nel cuore della foresta, sulla strada che porta verso Camerun e Congo&#8221;.<\/p>\n<p>&#8220;<strong>Ringrazio<\/strong> a nome di tutta la nostra parrocchia <strong>la Diocesi di Savona-Noli<\/strong>, che lo scorso anno ha raccolto i fondi necessari per la realizzazione della chiesa &#8211; conclude don Farina &#8211; \u00c8 stato <strong>un segno di comunione e generosit\u00e0<\/strong> che ha permesso di unire ancora di pi\u00f9 la nostra Diocesi con la missione di Monasao. Se qualcuno desiderasse toccare con mano la gioia della gente di Kanza e della nostra parrocchia siamo pronti ad accogliervi e gioire insieme. Ancora grazie a tutti a voi!&#8221;.<\/p>\n<div id='gallery-1' class='gallery galleryid-2128 gallery-columns-3 gallery-size-full'><figure class='gallery-item'>\n\t\t\t<div class='gallery-icon landscape'>\n\t\t\t\t<a href='https:\/\/chiesasavona.it\/ilnuovoletimbro\/wp-content\/uploads\/sites\/4\/2026\/08\/Don-Michele-Farina-nuova-chiesa-Kanza-01.jpg' title=\"\" data-rl_title=\"\" class=\"rl-gallery-link\" data-rl_caption=\"\" data-rel=\"lightbox-gallery-1\"><img loading=\"lazy\" decoding=\"async\" width=\"1280\" height=\"985\" src=\"https:\/\/chiesasavona.it\/ilnuovoletimbro\/wp-content\/uploads\/sites\/4\/2026\/08\/Don-Michele-Farina-nuova-chiesa-Kanza-01.jpg\" class=\"attachment-full size-full\" alt=\"\" aria-describedby=\"gallery-1-2192\" srcset=\"https:\/\/chiesasavona.it\/ilnuovoletimbro\/wp-content\/uploads\/sites\/4\/2026\/08\/Don-Michele-Farina-nuova-chiesa-Kanza-01.jpg 1280w, https:\/\/chiesasavona.it\/ilnuovoletimbro\/wp-content\/uploads\/sites\/4\/2026\/08\/Don-Michele-Farina-nuova-chiesa-Kanza-01-300x231.jpg 300w, https:\/\/chiesasavona.it\/ilnuovoletimbro\/wp-content\/uploads\/sites\/4\/2026\/08\/Don-Michele-Farina-nuova-chiesa-Kanza-01-1024x788.jpg 1024w, https:\/\/chiesasavona.it\/ilnuovoletimbro\/wp-content\/uploads\/sites\/4\/2026\/08\/Don-Michele-Farina-nuova-chiesa-Kanza-01-768x591.jpg 768w\" sizes=\"auto, (max-width: 1280px) 100vw, 1280px\" \/><\/a>\n\t\t\t<\/div>\n\t\t\t\t<figcaption class='wp-caption-text gallery-caption' id='gallery-1-2192'>\n\t\t\t\tLa nuova chiesa di Kanza nella missione di Monasao\n\t\t\t\t<\/figcaption><\/figure><figure class='gallery-item'>\n\t\t\t<div class='gallery-icon landscape'>\n\t\t\t\t<a href='https:\/\/chiesasavona.it\/ilnuovoletimbro\/wp-content\/uploads\/sites\/4\/2026\/08\/Don-Michele-Farina-nuova-chiesa-Kanza-02.jpg' title=\"\" data-rl_title=\"\" class=\"rl-gallery-link\" data-rl_caption=\"\" data-rel=\"lightbox-gallery-1\"><img loading=\"lazy\" decoding=\"async\" width=\"1280\" height=\"960\" src=\"https:\/\/chiesasavona.it\/ilnuovoletimbro\/wp-content\/uploads\/sites\/4\/2026\/08\/Don-Michele-Farina-nuova-chiesa-Kanza-02.jpg\" class=\"attachment-full size-full\" alt=\"\" aria-describedby=\"gallery-1-2193\" srcset=\"https:\/\/chiesasavona.it\/ilnuovoletimbro\/wp-content\/uploads\/sites\/4\/2026\/08\/Don-Michele-Farina-nuova-chiesa-Kanza-02.jpg 1280w, https:\/\/chiesasavona.it\/ilnuovoletimbro\/wp-content\/uploads\/sites\/4\/2026\/08\/Don-Michele-Farina-nuova-chiesa-Kanza-02-300x225.jpg 300w, https:\/\/chiesasavona.it\/ilnuovoletimbro\/wp-content\/uploads\/sites\/4\/2026\/08\/Don-Michele-Farina-nuova-chiesa-Kanza-02-1024x768.jpg 1024w, https:\/\/chiesasavona.it\/ilnuovoletimbro\/wp-content\/uploads\/sites\/4\/2026\/08\/Don-Michele-Farina-nuova-chiesa-Kanza-02-768x576.jpg 768w\" sizes=\"auto, (max-width: 1280px) 100vw, 1280px\" \/><\/a>\n\t\t\t<\/div>\n\t\t\t\t<figcaption class='wp-caption-text gallery-caption' id='gallery-1-2193'>\n\t\t\t\tLa nuova chiesa di Kanza nella missione di Monasao\n\t\t\t\t<\/figcaption><\/figure><figure class='gallery-item'>\n\t\t\t<div class='gallery-icon landscape'>\n\t\t\t\t<a href='https:\/\/chiesasavona.it\/ilnuovoletimbro\/wp-content\/uploads\/sites\/4\/2026\/08\/Don-Michele-Farina-nuova-chiesa-Kanza-03.jpg' title=\"\" data-rl_title=\"\" class=\"rl-gallery-link\" data-rl_caption=\"\" data-rel=\"lightbox-gallery-1\"><img loading=\"lazy\" decoding=\"async\" width=\"1280\" height=\"960\" src=\"https:\/\/chiesasavona.it\/ilnuovoletimbro\/wp-content\/uploads\/sites\/4\/2026\/08\/Don-Michele-Farina-nuova-chiesa-Kanza-03.jpg\" class=\"attachment-full size-full\" alt=\"\" aria-describedby=\"gallery-1-2194\" srcset=\"https:\/\/chiesasavona.it\/ilnuovoletimbro\/wp-content\/uploads\/sites\/4\/2026\/08\/Don-Michele-Farina-nuova-chiesa-Kanza-03.jpg 1280w, https:\/\/chiesasavona.it\/ilnuovoletimbro\/wp-content\/uploads\/sites\/4\/2026\/08\/Don-Michele-Farina-nuova-chiesa-Kanza-03-300x225.jpg 300w, https:\/\/chiesasavona.it\/ilnuovoletimbro\/wp-content\/uploads\/sites\/4\/2026\/08\/Don-Michele-Farina-nuova-chiesa-Kanza-03-1024x768.jpg 1024w, https:\/\/chiesasavona.it\/ilnuovoletimbro\/wp-content\/uploads\/sites\/4\/2026\/08\/Don-Michele-Farina-nuova-chiesa-Kanza-03-768x576.jpg 768w\" sizes=\"auto, (max-width: 1280px) 100vw, 1280px\" \/><\/a>\n\t\t\t<\/div>\n\t\t\t\t<figcaption class='wp-caption-text gallery-caption' id='gallery-1-2194'>\n\t\t\t\tLa nuova chiesa di Kanza nella missione di Monasao\n\t\t\t\t<\/figcaption><\/figure><figure class='gallery-item'>\n\t\t\t<div class='gallery-icon landscape'>\n\t\t\t\t<a href='https:\/\/chiesasavona.it\/ilnuovoletimbro\/wp-content\/uploads\/sites\/4\/2026\/08\/Don-Michele-Farina-nuova-chiesa-Kanza-04.jpg' title=\"\" data-rl_title=\"\" class=\"rl-gallery-link\" data-rl_caption=\"\" data-rel=\"lightbox-gallery-1\"><img loading=\"lazy\" decoding=\"async\" width=\"1280\" height=\"960\" src=\"https:\/\/chiesasavona.it\/ilnuovoletimbro\/wp-content\/uploads\/sites\/4\/2026\/08\/Don-Michele-Farina-nuova-chiesa-Kanza-04.jpg\" class=\"attachment-full size-full\" alt=\"\" aria-describedby=\"gallery-1-2195\" srcset=\"https:\/\/chiesasavona.it\/ilnuovoletimbro\/wp-content\/uploads\/sites\/4\/2026\/08\/Don-Michele-Farina-nuova-chiesa-Kanza-04.jpg 1280w, https:\/\/chiesasavona.it\/ilnuovoletimbro\/wp-content\/uploads\/sites\/4\/2026\/08\/Don-Michele-Farina-nuova-chiesa-Kanza-04-300x225.jpg 300w, https:\/\/chiesasavona.it\/ilnuovoletimbro\/wp-content\/uploads\/sites\/4\/2026\/08\/Don-Michele-Farina-nuova-chiesa-Kanza-04-1024x768.jpg 1024w, https:\/\/chiesasavona.it\/ilnuovoletimbro\/wp-content\/uploads\/sites\/4\/2026\/08\/Don-Michele-Farina-nuova-chiesa-Kanza-04-768x576.jpg 768w\" sizes=\"auto, (max-width: 1280px) 100vw, 1280px\" \/><\/a>\n\t\t\t<\/div>\n\t\t\t\t<figcaption class='wp-caption-text gallery-caption' id='gallery-1-2195'>\n\t\t\t\tLa nuova chiesa di Kanza nella missione di Monasao\n\t\t\t\t<\/figcaption><\/figure><figure class='gallery-item'>\n\t\t\t<div class='gallery-icon landscape'>\n\t\t\t\t<a href='https:\/\/chiesasavona.it\/ilnuovoletimbro\/wp-content\/uploads\/sites\/4\/2026\/08\/Kanza-nuova-chiesa-01.jpg' title=\"\" data-rl_title=\"\" class=\"rl-gallery-link\" data-rl_caption=\"\" data-rel=\"lightbox-gallery-1\"><img loading=\"lazy\" decoding=\"async\" width=\"1280\" height=\"918\" src=\"https:\/\/chiesasavona.it\/ilnuovoletimbro\/wp-content\/uploads\/sites\/4\/2026\/08\/Kanza-nuova-chiesa-01.jpg\" class=\"attachment-full size-full\" alt=\"\" aria-describedby=\"gallery-1-2198\" srcset=\"https:\/\/chiesasavona.it\/ilnuovoletimbro\/wp-content\/uploads\/sites\/4\/2026\/08\/Kanza-nuova-chiesa-01.jpg 1280w, https:\/\/chiesasavona.it\/ilnuovoletimbro\/wp-content\/uploads\/sites\/4\/2026\/08\/Kanza-nuova-chiesa-01-300x215.jpg 300w, https:\/\/chiesasavona.it\/ilnuovoletimbro\/wp-content\/uploads\/sites\/4\/2026\/08\/Kanza-nuova-chiesa-01-1024x734.jpg 1024w, https:\/\/chiesasavona.it\/ilnuovoletimbro\/wp-content\/uploads\/sites\/4\/2026\/08\/Kanza-nuova-chiesa-01-768x551.jpg 768w\" sizes=\"auto, (max-width: 1280px) 100vw, 1280px\" \/><\/a>\n\t\t\t<\/div>\n\t\t\t\t<figcaption class='wp-caption-text gallery-caption' id='gallery-1-2198'>\n\t\t\t\tLa nuova chiesa di Kanza nella missione di Monasao\n\t\t\t\t<\/figcaption><\/figure>\n\t\t<\/div>\n\n","protected":false},"excerpt":{"rendered":"<p>Monasao (Repubblica Centrafricana). Il 9 agosto nel piccolo villaggio di Kanza \u00e8 stata celebrata la prima messa nella nuova chiesa: un giorno atteso dieci anni e una grande gioia. &#8220;\u00c8 una comunit\u00e0 giovane, piccola e fatta di poveri, ma domenica si \u00e8 rivestita a festa per ringraziare il Signore per il dono della sua nuova [&hellip;]<\/p>\n","protected":false},"author":0,"featured_media":2192,"comment_status":"closed","ping_status":"open","sticky":false,"template":"","format":"standard","meta":{"_acf_changed":false,"footnotes":""},"categories":[2,37],"tags":[120,8],"class_list":["post-2128","post","type-post","status-publish","format-standard","has-post-thumbnail","hentry","category-diocesi","category-home","tag-don-michele-farina","tag-missione-monasao"],"acf":[],"yoast_head":"<!-- This site is optimized with the Yoast SEO plugin v22.3 - https:\/\/yoast.com\/wordpress\/plugins\/seo\/ -->\n<title>Centrafrica, celebrata la prima messa nella nuova chiesa di Kanza - il Nuovo Letimbro<\/title>\n<meta name=\"description\" content=\"Don Michele Farina ringrazia la Diocesi di Savona-Noli per aver raccolto i fondi necessari a realizzare la chiesa di Kanza\" \/>\n<meta name=\"robots\" content=\"index, follow, max-snippet:-1, max-image-preview:large, max-video-preview:-1\" \/>\n<link rel=\"canonical\" href=\"https:\/\/chiesasavona.it\/ilnuovoletimbro\/2026\/08\/26\/centrafrica-celebrata-la-prima-messa-nella-nuova-chiesa-di-kanza\/\" \/>\n<meta property=\"og:locale\" content=\"it_IT\" \/>\n<meta property=\"og:type\" content=\"article\" \/>\n<meta property=\"og:title\" content=\"Centrafrica, celebrata la prima messa nella nuova chiesa di Kanza - il Nuovo Letimbro\" \/>\n<meta property=\"og:description\" content=\"Don Michele Farina ringrazia la Diocesi di Savona-Noli per aver raccolto i fondi necessari a realizzare la chiesa di Kanza\" \/>\n<meta property=\"og:url\" content=\"https:\/\/chiesasavona.it\/ilnuovoletimbro\/2026\/08\/26\/centrafrica-celebrata-la-prima-messa-nella-nuova-chiesa-di-kanza\/\" \/>\n<meta property=\"og:site_name\" content=\"il Nuovo Letimbro\" \/>\n<meta property=\"article:published_time\" content=\"2026-08-26T14:33:24+00:00\" \/>\n<meta property=\"article:modified_time\" content=\"2026-08-26T17:47:19+00:00\" \/>\n<meta property=\"og:image\" content=\"http:\/\/chiesasavona.it\/ilnuovoletimbro\/wp-content\/uploads\/sites\/4\/2026\/08\/Don-Michele-Farina-nuova-chiesa-Kanza-01.jpg\" \/>\n\t<meta property=\"og:image:width\" content=\"1280\" \/>\n\t<meta property=\"og:image:height\" content=\"985\" \/>\n\t<meta property=\"og:image:type\" content=\"image\/jpeg\" \/>\n<meta name=\"author\" content=\"pedalino\" \/>\n<meta name=\"twitter:card\" content=\"summary_large_image\" \/>\n<meta name=\"twitter:label1\" content=\"Written by\" \/>\n\t<meta name=\"twitter:data1\" content=\"\" \/>\n\t<meta name=\"twitter:label2\" content=\"Est. reading time\" \/>\n\t<meta name=\"twitter:data2\" content=\"2 minuti\" \/>\n<script type=\"application\/ld+json\" class=\"yoast-schema-graph\">{\"@context\":\"https:\/\/schema.org\",\"@graph\":[{\"@type\":\"Article\",\"@id\":\"https:\/\/chiesasavona.it\/ilnuovoletimbro\/2026\/08\/26\/centrafrica-celebrata-la-prima-messa-nella-nuova-chiesa-di-kanza\/#article\",\"isPartOf\":{\"@id\":\"https:\/\/chiesasavona.it\/ilnuovoletimbro\/2026\/08\/26\/centrafrica-celebrata-la-prima-messa-nella-nuova-chiesa-di-kanza\/\"},\"author\":{\"name\":\"pedalino\",\"@id\":\"https:\/\/chiesasavona.it\/ilnuovoletimbro\/#\/schema\/person\/6868049acc06c8b39e97804ce5d33c50\"},\"headline\":\"Centrafrica, celebrata la prima messa nella nuova chiesa di Kanza\",\"datePublished\":\"2026-08-26T14:33:24+00:00\",\"dateModified\":\"2026-08-26T17:47:19+00:00\",\"mainEntityOfPage\":{\"@id\":\"https:\/\/chiesasavona.it\/ilnuovoletimbro\/2026\/08\/26\/centrafrica-celebrata-la-prima-messa-nella-nuova-chiesa-di-kanza\/\"},\"wordCount\":300,\"publisher\":{\"@id\":\"https:\/\/chiesasavona.it\/ilnuovoletimbro\/#organization\"},\"image\":{\"@id\":\"https:\/\/chiesasavona.it\/ilnuovoletimbro\/2026\/08\/26\/centrafrica-celebrata-la-prima-messa-nella-nuova-chiesa-di-kanza\/#primaryimage\"},\"thumbnailUrl\":\"https:\/\/chiesasavona.it\/ilnuovoletimbro\/wp-content\/uploads\/sites\/4\/2026\/08\/Don-Michele-Farina-nuova-chiesa-Kanza-01.jpg\",\"keywords\":[\"don michele farina\",\"missione monasao\"],\"articleSection\":[\"Diocesi\",\"Home\"],\"inLanguage\":\"it-IT\"},{\"@type\":\"WebPage\",\"@id\":\"https:\/\/chiesasavona.it\/ilnuovoletimbro\/2026\/08\/26\/centrafrica-celebrata-la-prima-messa-nella-nuova-chiesa-di-kanza\/\",\"url\":\"https:\/\/chiesasavona.it\/ilnuovoletimbro\/2026\/08\/26\/centrafrica-celebrata-la-prima-messa-nella-nuova-chiesa-di-kanza\/\",\"name\":\"Centrafrica, celebrata la prima messa nella nuova chiesa di Kanza - il Nuovo Letimbro\",\"isPartOf\":{\"@id\":\"https:\/\/chiesasavona.it\/ilnuovoletimbro\/#website\"},\"primaryImageOfPage\":{\"@id\":\"https:\/\/chiesasavona.it\/ilnuovoletimbro\/2026\/08\/26\/centrafrica-celebrata-la-prima-messa-nella-nuova-chiesa-di-kanza\/#primaryimage\"},\"image\":{\"@id\":\"https:\/\/chiesasavona.it\/ilnuovoletimbro\/2026\/08\/26\/centrafrica-celebrata-la-prima-messa-nella-nuova-chiesa-di-kanza\/#primaryimage\"},\"thumbnailUrl\":\"https:\/\/chiesasavona.it\/ilnuovoletimbro\/wp-content\/uploads\/sites\/4\/2026\/08\/Don-Michele-Farina-nuova-chiesa-Kanza-01.jpg\",\"datePublished\":\"2026-08-26T14:33:24+00:00\",\"dateModified\":\"2026-08-26T17:47:19+00:00\",\"description\":\"Don Michele Farina ringrazia la Diocesi di Savona-Noli per aver raccolto i fondi necessari a realizzare la chiesa di Kanza\",\"breadcrumb\":{\"@id\":\"https:\/\/chiesasavona.it\/ilnuovoletimbro\/2026\/08\/26\/centrafrica-celebrata-la-prima-messa-nella-nuova-chiesa-di-kanza\/#breadcrumb\"},\"inLanguage\":\"it-IT\",\"potentialAction\":[{\"@type\":\"ReadAction\",\"target\":[\"https:\/\/chiesasavona.it\/ilnuovoletimbro\/2026\/08\/26\/centrafrica-celebrata-la-prima-messa-nella-nuova-chiesa-di-kanza\/\"]}]},{\"@type\":\"ImageObject\",\"inLanguage\":\"it-IT\",\"@id\":\"https:\/\/chiesasavona.it\/ilnuovoletimbro\/2026\/08\/26\/centrafrica-celebrata-la-prima-messa-nella-nuova-chiesa-di-kanza\/#primaryimage\",\"url\":\"https:\/\/chiesasavona.it\/ilnuovoletimbro\/wp-content\/uploads\/sites\/4\/2026\/08\/Don-Michele-Farina-nuova-chiesa-Kanza-01.jpg\",\"contentUrl\":\"https:\/\/chiesasavona.it\/ilnuovoletimbro\/wp-content\/uploads\/sites\/4\/2026\/08\/Don-Michele-Farina-nuova-chiesa-Kanza-01.jpg\",\"width\":1280,\"height\":985,\"caption\":\"La nuova chiesa di Kanza nella missione di Monasao\"},{\"@type\":\"BreadcrumbList\",\"@id\":\"https:\/\/chiesasavona.it\/ilnuovoletimbro\/2026\/08\/26\/centrafrica-celebrata-la-prima-messa-nella-nuova-chiesa-di-kanza\/#breadcrumb\",\"itemListElement\":[{\"@type\":\"ListItem\",\"position\":1,\"name\":\"Home\",\"item\":\"https:\/\/chiesasavona.it\/ilnuovoletimbro\/\"},{\"@type\":\"ListItem\",\"position\":2,\"name\":\"Centrafrica, celebrata la prima messa nella nuova chiesa di Kanza\"}]},{\"@type\":\"WebSite\",\"@id\":\"https:\/\/chiesasavona.it\/ilnuovoletimbro\/#website\",\"url\":\"https:\/\/chiesasavona.it\/ilnuovoletimbro\/\",\"name\":\"il Nuovo Letimbro\",\"description\":\"Tutto il bello della diocesi di Savona-Noli!\",\"publisher\":{\"@id\":\"https:\/\/chiesasavona.it\/ilnuovoletimbro\/#organization\"},\"potentialAction\":[{\"@type\":\"SearchAction\",\"target\":{\"@type\":\"EntryPoint\",\"urlTemplate\":\"https:\/\/chiesasavona.it\/ilnuovoletimbro\/?s={search_term_string}\"},\"query-input\":\"required name=search_term_string\"}],\"inLanguage\":\"it-IT\"},{\"@type\":\"Organization\",\"@id\":\"https:\/\/chiesasavona.it\/ilnuovoletimbro\/#organization\",\"name\":\"il Nuovo Letimbro\",\"url\":\"https:\/\/chiesasavona.it\/ilnuovoletimbro\/\",\"logo\":{\"@type\":\"ImageObject\",\"inLanguage\":\"it-IT\",\"@id\":\"https:\/\/chiesasavona.it\/ilnuovoletimbro\/#\/schema\/logo\/image\/\",\"url\":\"https:\/\/chiesasavona.it\/ilnuovoletimbro\/wp-content\/uploads\/sites\/4\/2026\/03\/il-nuovo-letimbro.png\",\"contentUrl\":\"https:\/\/chiesasavona.it\/ilnuovoletimbro\/wp-content\/uploads\/sites\/4\/2026\/03\/il-nuovo-letimbro.png\",\"width\":623,\"height\":623,\"caption\":\"il Nuovo Letimbro\"},\"image\":{\"@id\":\"https:\/\/chiesasavona.it\/ilnuovoletimbro\/#\/schema\/logo\/image\/\"}}]}<\/script>\n<!-- \/ Yoast SEO plugin. -->","yoast_head_json":{"title":"Centrafrica, celebrata la prima messa nella nuova chiesa di Kanza - il Nuovo Letimbro","description":"Don Michele Farina ringrazia la Diocesi di Savona-Noli per aver raccolto i fondi necessari a realizzare la chiesa di Kanza","robots":{"index":"index","follow":"follow","max-snippet":"max-snippet:-1","max-image-preview":"max-image-preview:large","max-video-preview":"max-video-preview:-1"},"canonical":"https:\/\/chiesasavona.it\/ilnuovoletimbro\/2026\/08\/26\/centrafrica-celebrata-la-prima-messa-nella-nuova-chiesa-di-kanza\/","og_locale":"it_IT","og_type":"article","og_title":"Centrafrica, celebrata la prima messa nella nuova chiesa di Kanza - il Nuovo Letimbro","og_description":"Don Michele Farina ringrazia la Diocesi di Savona-Noli per aver raccolto i fondi necessari a realizzare la chiesa di Kanza","og_url":"https:\/\/chiesasavona.it\/ilnuovoletimbro\/2026\/08\/26\/centrafrica-celebrata-la-prima-messa-nella-nuova-chiesa-di-kanza\/","og_site_name":"il Nuovo Letimbro","article_published_time":"2026-08-26T14:33:24+00:00","article_modified_time":"2026-08-26T17:47:19+00:00","og_image":[{"width":1280,"height":985,"url":"http:\/\/chiesasavona.it\/ilnuovoletimbro\/wp-content\/uploads\/sites\/4\/2026\/08\/Don-Michele-Farina-nuova-chiesa-Kanza-01.jpg","type":"image\/jpeg"}],"author":"pedalino","twitter_card":"summary_large_image","twitter_misc":{"Written by":"","Est. reading time":"2 minuti"},"schema":{"@context":"https:\/\/schema.org","@graph":[{"@type":"Article","@id":"https:\/\/chiesasavona.it\/ilnuovoletimbro\/2026\/08\/26\/centrafrica-celebrata-la-prima-messa-nella-nuova-chiesa-di-kanza\/#article","isPartOf":{"@id":"https:\/\/chiesasavona.it\/ilnuovoletimbro\/2026\/08\/26\/centrafrica-celebrata-la-prima-messa-nella-nuova-chiesa-di-kanza\/"},"author":{"name":"pedalino","@id":"https:\/\/chiesasavona.it\/ilnuovoletimbro\/#\/schema\/person\/6868049acc06c8b39e97804ce5d33c50"},"headline":"Centrafrica, celebrata la prima messa nella nuova chiesa di Kanza","datePublished":"2026-08-26T14:33:24+00:00","dateModified":"2026-08-26T17:47:19+00:00","mainEntityOfPage":{"@id":"https:\/\/chiesasavona.it\/ilnuovoletimbro\/2026\/08\/26\/centrafrica-celebrata-la-prima-messa-nella-nuova-chiesa-di-kanza\/"},"wordCount":300,"publisher":{"@id":"https:\/\/chiesasavona.it\/ilnuovoletimbro\/#organization"},"image":{"@id":"https:\/\/chiesasavona.it\/ilnuovoletimbro\/2026\/08\/26\/centrafrica-celebrata-la-prima-messa-nella-nuova-chiesa-di-kanza\/#primaryimage"},"thumbnailUrl":"https:\/\/chiesasavona.it\/ilnuovoletimbro\/wp-content\/uploads\/sites\/4\/2026\/08\/Don-Michele-Farina-nuova-chiesa-Kanza-01.jpg","keywords":["don michele farina","missione monasao"],"articleSection":["Diocesi","Home"],"inLanguage":"it-IT"},{"@type":"WebPage","@id":"https:\/\/chiesasavona.it\/ilnuovoletimbro\/2026\/08\/26\/centrafrica-celebrata-la-prima-messa-nella-nuova-chiesa-di-kanza\/","url":"https:\/\/chiesasavona.it\/ilnuovoletimbro\/2026\/08\/26\/centrafrica-celebrata-la-prima-messa-nella-nuova-chiesa-di-kanza\/","name":"Centrafrica, celebrata la prima messa nella nuova chiesa di Kanza - il Nuovo Letimbro","isPartOf":{"@id":"https:\/\/chiesasavona.it\/ilnuovoletimbro\/#website"},"primaryImageOfPage":{"@id":"https:\/\/chiesasavona.it\/ilnuovoletimbro\/2026\/08\/26\/centrafrica-celebrata-la-prima-messa-nella-nuova-chiesa-di-kanza\/#primaryimage"},"image":{"@id":"https:\/\/chiesasavona.it\/ilnuovoletimbro\/2026\/08\/26\/centrafrica-celebrata-la-prima-messa-nella-nuova-chiesa-di-kanza\/#primaryimage"},"thumbnailUrl":"https:\/\/chiesasavona.it\/ilnuovoletimbro\/wp-content\/uploads\/sites\/4\/2026\/08\/Don-Michele-Farina-nuova-chiesa-Kanza-01.jpg","datePublished":"2026-08-26T14:33:24+00:00","dateModified":"2026-08-26T17:47:19+00:00","description":"Don Michele Farina ringrazia la Diocesi di Savona-Noli per aver raccolto i fondi necessari a realizzare la chiesa di Kanza","breadcrumb":{"@id":"https:\/\/chiesasavona.it\/ilnuovoletimbro\/2026\/08\/26\/centrafrica-celebrata-la-prima-messa-nella-nuova-chiesa-di-kanza\/#breadcrumb"},"inLanguage":"it-IT","potentialAction":[{"@type":"ReadAction","target":["https:\/\/chiesasavona.it\/ilnuovoletimbro\/2026\/08\/26\/centrafrica-celebrata-la-prima-messa-nella-nuova-chiesa-di-kanza\/"]}]},{"@type":"ImageObject","inLanguage":"it-IT","@id":"https:\/\/chiesasavona.it\/ilnuovoletimbro\/2026\/08\/26\/centrafrica-celebrata-la-prima-messa-nella-nuova-chiesa-di-kanza\/#primaryimage","url":"https:\/\/chiesasavona.it\/ilnuovoletimbro\/wp-content\/uploads\/sites\/4\/2026\/08\/Don-Michele-Farina-nuova-chiesa-Kanza-01.jpg","contentUrl":"https:\/\/chiesasavona.it\/ilnuovoletimbro\/wp-content\/uploads\/sites\/4\/2026\/08\/Don-Michele-Farina-nuova-chiesa-Kanza-01.jpg","width":1280,"height":985,"caption":"La nuova chiesa di Kanza nella missione di Monasao"},{"@type":"BreadcrumbList","@id":"https:\/\/chiesasavona.it\/ilnuovoletimbro\/2026\/08\/26\/centrafrica-celebrata-la-prima-messa-nella-nuova-chiesa-di-kanza\/#breadcrumb","itemListElement":[{"@type":"ListItem","position":1,"name":"Home","item":"https:\/\/chiesasavona.it\/ilnuovoletimbro\/"},{"@type":"ListItem","position":2,"name":"Centrafrica, celebrata la prima messa nella nuova chiesa di Kanza"}]},{"@type":"WebSite","@id":"https:\/\/chiesasavona.it\/ilnuovoletimbro\/#website","url":"https:\/\/chiesasavona.it\/ilnuovoletimbro\/","name":"il Nuovo Letimbro","description":"Tutto il bello della diocesi di Savona-Noli!","publisher":{"@id":"https:\/\/chiesasavona.it\/ilnuovoletimbro\/#organization"},"potentialAction":[{"@type":"SearchAction","target":{"@type":"EntryPoint","urlTemplate":"https:\/\/chiesasavona.it\/ilnuovoletimbro\/?s={search_term_string}"},"query-input":"required name=search_term_string"}],"inLanguage":"it-IT"},{"@type":"Organization","@id":"https:\/\/chiesasavona.it\/ilnuovoletimbro\/#organization","name":"il Nuovo Letimbro","url":"https:\/\/chiesasavona.it\/ilnuovoletimbro\/","logo":{"@type":"ImageObject","inLanguage":"it-IT","@id":"https:\/\/chiesasavona.it\/ilnuovoletimbro\/#\/schema\/logo\/image\/","url":"https:\/\/chiesasavona.it\/ilnuovoletimbro\/wp-content\/uploads\/sites\/4\/2026\/03\/il-nuovo-letimbro.png","contentUrl":"https:\/\/chiesasavona.it\/ilnuovoletimbro\/wp-content\/uploads\/sites\/4\/2026\/03\/il-nuovo-letimbro.png","width":623,"height":623,"caption":"il Nuovo Letimbro"},"image":{"@id":"https:\/\/chiesasavona.it\/ilnuovoletimbro\/#\/schema\/logo\/image\/"}}]}},"_links":{"self":[{"href":"https:\/\/chiesasavona.it\/ilnuovoletimbro\/wp-json\/wp\/v2\/posts\/2128","targetHints":{"allow":["GET"]}}],"collection":[{"href":"https:\/\/chiesasavona.it\/ilnuovoletimbro\/wp-json\/wp\/v2\/posts"}],"about":[{"href":"https:\/\/chiesasavona.it\/ilnuovoletimbro\/wp-json\/wp\/v2\/types\/post"}],"author":[{"embeddable":true,"href":"https:\/\/chiesasavona.it\/ilnuovoletimbro\/wp-json\/wp\/v2\/users\/8"}],"replies":[{"embeddable":true,"href":"https:\/\/chiesasavona.it\/ilnuovoletimbro\/wp-json\/wp\/v2\/comments?post=2128"}],"version-history":[{"count":16,"href":"https:\/\/chiesasavona.it\/ilnuovoletimbro\/wp-json\/wp\/v2\/posts\/2128\/revisions"}],"predecessor-version":[{"id":2200,"href":"https:\/\/chiesasavona.it\/ilnuovoletimbro\/wp-json\/wp\/v2\/posts\/2128\/revisions\/2200"}],"wp:featuredmedia":[{"embeddable":true,"href":"https:\/\/chiesasavona.it\/ilnuovoletimbro\/wp-json\/wp\/v2\/media\/2192"}],"wp:attachment":[{"href":"https:\/\/chiesasavona.it\/ilnuovoletimbro\/wp-json\/wp\/v2\/media?parent=2128"}],"wp:term":[{"taxonomy":"category","embeddable":true,"href":"https:\/\/chiesasavona.it\/ilnuovoletimbro\/wp-json\/wp\/v2\/categories?post=2128"},{"taxonomy":"post_tag","embeddable":true,"href":"https:\/\/chiesasavona.it\/ilnuovoletimbro\/wp-json\/wp\/v2\/tags?post=2128"}],"curies":[{"name":"wp","href":"https:\/\/api.w.org\/{rel}","templated":true}]}}