{"id":2150,"date":"2026-08-28T09:56:50","date_gmt":"2026-08-28T07:56:50","guid":{"rendered":"https:\/\/chiesasavona.it\/ilnuovoletimbro\/?p=2150"},"modified":"2026-08-28T17:21:14","modified_gmt":"2026-08-28T15:21:14","slug":"savona-in-diocesi-la-21esima-giornata-per-la-custodia-del-creato","status":"publish","type":"post","link":"https:\/\/chiesasavona.it\/ilnuovoletimbro\/2026\/08\/28\/savona-in-diocesi-la-21esima-giornata-per-la-custodia-del-creato\/","title":{"rendered":"Savona, in diocesi la 21esima Giornata per la custodia del Creato"},"content":{"rendered":"<p>La<strong> Diocesi di Savona-Noli<\/strong> si unisce alla celebrazione globale del <strong>Tempo del Creato,<\/strong> un periodo ecumenico dedicato alla preghiera e all\u2019azione per la cura della nostra &#8220;casa comune&#8221;.<\/p>\n<p>A livello mondiale, dal 1\u00b0 settembre, Giornata Mondiale di Preghiera per la Cura del Creato, fino al 4 ottobre, festa di san Francesco d\u2019Assisi, il Tempo del Creato offre un\u2019occasione per riflettere e agire insieme per la <strong>salvaguardia dell\u2019ambiente<\/strong>.<\/p>\n<p>Le iniziative avranno inizio domenica<strong> 30 agosto<\/strong> presso la Fraternit\u00e0 Francescana di san Giacomo di <strong>Varazze.<\/strong> Alle ore 18.30, si terr\u00e0 la preghiera di apertura del Tempo del Creato 2026, presieduta dal vescovo <strong>Calogero Marino<\/strong>. Sar\u00e0 un importante momento di riflessione che segner\u00e0 l\u2019inizio diocesano dell\u2019evento mondiale.<\/p>\n<p>Il<strong> Tempo del Creato<\/strong> 2026 rappresenta un forte richiamo all\u2019impegno comune per la tutela del creato<strong>,<\/strong> invitando tutti, credenti e non, a un\u2019azione responsabile. La\u00a0 giornata mondiale di preghiera per la Custodia del Creato 2026, che tradizionalmente apre il mese per il Creato, \u00e8 prevista per marted\u00ec <strong>1\u00b0 settembre <\/strong>alle 9<strong>,<\/strong> con una celebrazione eucaristica presso la<strong> parrocchia di san Paolo <\/strong>di<strong> Savona.<\/strong><\/p>\n<p>Tra le numerose iniziative si segnalano quelle del<strong> 12 e 13 settembre<\/strong>, quando la nostra diocesi ospiter\u00e0 le celebrazioni della <strong>21\u00aa Giornata Nazionale per la Custodia del Creato<\/strong>, sul tema \u201cForgeranno le loro spade in vomeri e le loro lance in falci\u201d (Is 2,4.)<\/p>\n<p><a href=\"http:\/\/chiesasavona.it\/ilnuovoletimbro\/wp-content\/uploads\/sites\/4\/2026\/08\/Giornata-Nazionale-Custodia-Creato-2026-locandina.jpg\" data-rel=\"lightbox-image-0\" data-rl_title=\"\" data-rl_caption=\"\" title=\"\"><img loading=\"lazy\" decoding=\"async\" src=\"http:\/\/chiesasavona.it\/ilnuovoletimbro\/wp-content\/uploads\/sites\/4\/2026\/08\/Giornata-Nazionale-Custodia-Creato-2026-locandina-725x1024.jpg\" alt=\"\" width=\"725\" height=\"1024\" class=\"aligncenter size-large wp-image-2207\" srcset=\"https:\/\/chiesasavona.it\/ilnuovoletimbro\/wp-content\/uploads\/sites\/4\/2026\/08\/Giornata-Nazionale-Custodia-Creato-2026-locandina-725x1024.jpg 725w, https:\/\/chiesasavona.it\/ilnuovoletimbro\/wp-content\/uploads\/sites\/4\/2026\/08\/Giornata-Nazionale-Custodia-Creato-2026-locandina-212x300.jpg 212w, https:\/\/chiesasavona.it\/ilnuovoletimbro\/wp-content\/uploads\/sites\/4\/2026\/08\/Giornata-Nazionale-Custodia-Creato-2026-locandina-768x1085.jpg 768w, https:\/\/chiesasavona.it\/ilnuovoletimbro\/wp-content\/uploads\/sites\/4\/2026\/08\/Giornata-Nazionale-Custodia-Creato-2026-locandina-1087x1536.jpg 1087w, https:\/\/chiesasavona.it\/ilnuovoletimbro\/wp-content\/uploads\/sites\/4\/2026\/08\/Giornata-Nazionale-Custodia-Creato-2026-locandina.jpg 1241w\" sizes=\"auto, (max-width: 725px) 100vw, 725px\" \/><\/a><\/p>\n<p><strong>Finale Ligure<\/strong>. Sabato<strong> 12 settembre<\/strong>,\u00a0 si terr\u00e0 un seminario di studio all\u2019<strong>Auditorium di Santa Caterina<\/strong>, a Finalborgo, sul tema \u201cForgeranno le loro spade in vomeri e le loro lance in falci\u201d (Is 2,4).<\/p>\n<p>La giornata sar\u00e0 cos\u00ec organizzata: alle 10 i saluti di<strong> Angelo Berlangieri<\/strong>, sindaco di Finale Ligure; alle ore 10.15 l\u2019introduzione e la preghiera a cura di <strong>Natascia De Rosso<\/strong>, responsabile del Servizio per l\u2019ecumenismo e il dialogo interreligioso della diocesi di Savona-Noli.<\/p>\n<p>Alle ore 10.30 il tema della giornata, \u201cForgeranno le loro spade in vomeri e le loro lance in falci\u201d (Is 2,4) vedr\u00e0 come relatrice<strong> Muriel Fleury<\/strong>, responsabile Sezione comunicazione e restituzione del Dicastero per il Servizio dello sviluppo umano integrale; \u201cEducare a una pace disarmata e disarmante attraverso la cura del Creato\u201d avr\u00e0 come relatore invece <strong>don Bruno Bignami,<\/strong> direttore Ufficio nazionale per la pastorale sociale e del lavoro della CEI.<\/p>\n<p>Infine \u201cChiese e religioni: ambiti di responsabilit\u00e0 e impegni condivisi per la pace e la riconciliazione in un mondo che cambia\u201d sar\u00e0 il tema affrontato da <strong>don Giuliano Savina,<\/strong> direttore dell\u2019Ufficio per l\u2019ecumenismo e il dialogo interreligioso della CEI. Moderer\u00e0 gli incontri <strong>Lucia Capuzzi<\/strong>, giornalista di <strong>Avvenire.<\/strong> Alle 12.30 la conclusione a cura di monsignor Calogero Marino vescovo di Savona-Noli; e alle 13 pranzo.<\/p>\n<p><strong>Nel pomeriggio<\/strong>, dalle 16 alle 18.30, \u201cAcqua viva\u201d:<strong> passeggiata ecologica<\/strong> ecumenica e interreligiosa da<strong> Cogoleto<\/strong>, presso l\u2019ex fabbrica Stoppani, fino al convento dei Frati Minori di<strong> Varazze<\/strong>, ai piani di san Giacomo.<\/p>\n<p>Lungo il cammino si ascolteranno le testimonianze di: <strong>padre Gheorghe Andronic,<\/strong> responsabile della Chiesa ortodossa romena di Savona; di <strong>Marco Di Pasquale<\/strong>, pastore della Chiesa Metodista di Savona; di <strong>Svamini Shuddhananda Ghiri<\/strong> della commissione Educazione e Dialogo U.I.I., Altare; di <strong>Silvia Gianotti<\/strong> dell\u2019Istituto Buddista Italiano Soka Gakkai Savona; di <strong>Zahoor Ahmad<\/strong> <strong>Zargar<\/strong> presidente della Comunit\u00e0 islamica savonese, UCOII Liguria; e di<strong> fra Diego Taddei<\/strong> del Convento dei Frati Minori di Varazze.<\/p>\n<p>Domenica<strong> 13 settembre<\/strong>, a<strong> Savona<\/strong> alle 10.30 nella Cattedrale di N.S. Assunta, la celebrazione eucaristica presieduta da monsignor<strong> Calogero Marino<\/strong> concluder\u00e0 le iniziative della Giornata.<\/p>\n<p><strong>Gli altri appuntamenti<\/strong> si svolgeranno nelle seguenti date:<br \/>\nGioved\u00ec 17 settembre ore 9\u00a0 parrocchia s. Maria della Neve (Savona) e nel pomeriggio alle\u00a0 ore 18\u00a0 Cappella san Rocco (Quiliano) celebrazioni\u00a0 per la custodia della Creazione.<\/p>\n<p>Venerd\u00ec 18 settembre ore 21 Salone sant&#8217; Ambrogio Varazze \u2013 incontro con Deborah Lucchetti (coord. Nazionale Campagna abiti puliti)<\/p>\n<p>Sabato 19 settembre ore 15 Giardino delle Boschine Varazze \u2013 Swap Party<br \/>\nLuned\u00ec 21 settembre ore 21 (*) presentazione del libro di padre Turoldo \u201cDalle macerie la speranza. Scritti sul terremoto del Friuli\u201d a cura di Marco Roncalli \u2013 Cogoleto<\/p>\n<p>Venerd\u00ec 25 settembre ore 20,45 Sala Consiliare Comune di Cogoleto \u2013 proiezione docufilm \u201cDove ricomincia il giorno. L\u2019integrazione possibile\u201d<\/p>\n<p>Venerd\u00ec 2 ottobre ore 17\u00a0(**) Biblioteca Civica Cogoleto \u2013 presentazione volume \u201cFrancesco l\u2019uomo nuovo\u201d di padre Ernesto Balducci<\/p>\n<p>Sabato 3 ottobre ore 21\u00a0 Cattedrale N. S. Assunta Savona \u2013 Transito di S. Francesco<\/p>\n<p>Domenica 4 ottobre\u00a0 alle 11 Comunit\u00e0 Francescana Varazze \u2013 Festa liturgica di san Francesco, chiusura Tempo del Creato 2026<\/p>\n<p>(*) evento e data da confermare (**) orario da confermare<\/p>\n<p><strong>Per motivi organizzativi occorre iscriversi entro il 2 settembre<\/strong> compilando il modulo al seguente indirizzo: <a href=\"https:\/\/forms.gle\/nJZByME4SYpFBDx3A\">https:\/\/forms.gle\/nJZByME4SYpFBDx3A<\/a>. L\u2019iscrizione \u00e8 necessaria per calcolare i partecipanti al catering di pranzo e cena e per l&#8217;organizzazione dell&#8217;eventuale navetta per i trasferimenti, servizi gratuiti per i partecipanti; nello spirito della giornata stessa (trasporti condivisi per un minore impatto ambientale e niente spreco di cibo).<\/p>\n<p>Gli eventi del Tempo del Creato 2026 sono a cura e con la collaborazione di: Comune di Cogoleto, Comune di Finale Ligure, Comune di Savona, Comune di Varazze, Comunit\u00e0 Laudato S\u00ec Varazze, Confraternita San Lorenzo Cogoleto, Fondazione Balducci, Fraternit\u00e0 Francescana Varazze, Gas.Per Varazze, parrocchie: S. Lorenzo (Quiliano), S. Maria della Neve (Savona), S. Maria Maggiore (Cogoleto), S. Paolo (Savona), Pax Christi Punto Pace Cogoleto Helder Camara, Rete Radi\u00e8 Resch, Servizio Ecumenismo e Dialogo Interreligioso diocesano, Servizio per la Pastorale Sociale diocesano, Sfuso Diffuso.<\/p>\n","protected":false},"excerpt":{"rendered":"<p>La Diocesi di Savona-Noli si unisce alla celebrazione globale del Tempo del Creato, un periodo ecumenico dedicato alla preghiera e all\u2019azione per la cura della nostra &#8220;casa comune&#8221;. A livello mondiale, dal 1\u00b0 settembre, Giornata Mondiale di Preghiera per la Cura del Creato, fino al 4 ottobre, festa di san Francesco d\u2019Assisi, il Tempo del [&hellip;]<\/p>\n","protected":false},"author":0,"featured_media":2205,"comment_status":"closed","ping_status":"open","sticky":false,"template":"","format":"standard","meta":{"_acf_changed":false,"footnotes":""},"categories":[2,69,37],"tags":[6,233,240],"class_list":["post-2150","post","type-post","status-publish","format-standard","has-post-thumbnail","hentry","category-diocesi","category-eventi","category-home","tag-diocesi-savona-noli","tag-giornata-diocesana-custodia-creato","tag-tempo-del-creato"],"acf":[],"yoast_head":"<!-- This site is optimized with the Yoast SEO plugin v22.3 - https:\/\/yoast.com\/wordpress\/plugins\/seo\/ -->\n<title>Savona, in diocesi la 21esima Giornata per la custodia del Creato - il Nuovo Letimbro<\/title>\n<meta name=\"description\" content=\"A Finalborgo seminario sul tema &quot;Forgeranno le loro spade in vomeri e le loro lance in falci&quot;, da Cogoleto a Varazze passeggiata ecologica\" \/>\n<meta name=\"robots\" content=\"index, follow, max-snippet:-1, max-image-preview:large, max-video-preview:-1\" \/>\n<link rel=\"canonical\" href=\"https:\/\/chiesasavona.it\/ilnuovoletimbro\/2026\/08\/28\/savona-in-diocesi-la-21esima-giornata-per-la-custodia-del-creato\/\" \/>\n<meta property=\"og:locale\" content=\"it_IT\" \/>\n<meta property=\"og:type\" content=\"article\" \/>\n<meta property=\"og:title\" content=\"Savona, in diocesi la 21esima Giornata per la custodia del Creato - il Nuovo Letimbro\" \/>\n<meta property=\"og:description\" content=\"A Finalborgo seminario sul tema &quot;Forgeranno le loro spade in vomeri e le loro lance in falci&quot;, da Cogoleto a Varazze passeggiata ecologica\" \/>\n<meta property=\"og:url\" content=\"https:\/\/chiesasavona.it\/ilnuovoletimbro\/2026\/08\/28\/savona-in-diocesi-la-21esima-giornata-per-la-custodia-del-creato\/\" \/>\n<meta property=\"og:site_name\" content=\"il Nuovo Letimbro\" \/>\n<meta property=\"article:published_time\" content=\"2026-08-28T07:56:50+00:00\" \/>\n<meta property=\"article:modified_time\" content=\"2026-08-28T15:21:14+00:00\" \/>\n<meta property=\"og:image\" content=\"http:\/\/chiesasavona.it\/ilnuovoletimbro\/wp-content\/uploads\/sites\/4\/2026\/08\/Creato-01.jpg\" \/>\n\t<meta property=\"og:image:width\" content=\"1024\" \/>\n\t<meta property=\"og:image:height\" content=\"683\" \/>\n\t<meta property=\"og:image:type\" content=\"image\/jpeg\" \/>\n<meta name=\"author\" content=\"pedalino\" \/>\n<meta name=\"twitter:card\" content=\"summary_large_image\" \/>\n<meta name=\"twitter:label1\" content=\"Written by\" \/>\n\t<meta name=\"twitter:data1\" content=\"\" \/>\n\t<meta name=\"twitter:label2\" content=\"Est. reading time\" \/>\n\t<meta name=\"twitter:data2\" content=\"5 minuti\" \/>\n<script type=\"application\/ld+json\" class=\"yoast-schema-graph\">{\"@context\":\"https:\/\/schema.org\",\"@graph\":[{\"@type\":\"Article\",\"@id\":\"https:\/\/chiesasavona.it\/ilnuovoletimbro\/2026\/08\/28\/savona-in-diocesi-la-21esima-giornata-per-la-custodia-del-creato\/#article\",\"isPartOf\":{\"@id\":\"https:\/\/chiesasavona.it\/ilnuovoletimbro\/2026\/08\/28\/savona-in-diocesi-la-21esima-giornata-per-la-custodia-del-creato\/\"},\"author\":{\"name\":\"pedalino\",\"@id\":\"https:\/\/chiesasavona.it\/ilnuovoletimbro\/#\/schema\/person\/6868049acc06c8b39e97804ce5d33c50\"},\"headline\":\"Savona, in diocesi la 21esima Giornata per la custodia del Creato\",\"datePublished\":\"2026-08-28T07:56:50+00:00\",\"dateModified\":\"2026-08-28T15:21:14+00:00\",\"mainEntityOfPage\":{\"@id\":\"https:\/\/chiesasavona.it\/ilnuovoletimbro\/2026\/08\/28\/savona-in-diocesi-la-21esima-giornata-per-la-custodia-del-creato\/\"},\"wordCount\":859,\"publisher\":{\"@id\":\"https:\/\/chiesasavona.it\/ilnuovoletimbro\/#organization\"},\"image\":{\"@id\":\"https:\/\/chiesasavona.it\/ilnuovoletimbro\/2026\/08\/28\/savona-in-diocesi-la-21esima-giornata-per-la-custodia-del-creato\/#primaryimage\"},\"thumbnailUrl\":\"https:\/\/chiesasavona.it\/ilnuovoletimbro\/wp-content\/uploads\/sites\/4\/2026\/08\/Creato-01.jpg\",\"keywords\":[\"diocesi savona noli\",\"giornata diocesana custodia creato\",\"tempo del creato\"],\"articleSection\":[\"Diocesi\",\"Eventi\",\"Home\"],\"inLanguage\":\"it-IT\"},{\"@type\":\"WebPage\",\"@id\":\"https:\/\/chiesasavona.it\/ilnuovoletimbro\/2026\/08\/28\/savona-in-diocesi-la-21esima-giornata-per-la-custodia-del-creato\/\",\"url\":\"https:\/\/chiesasavona.it\/ilnuovoletimbro\/2026\/08\/28\/savona-in-diocesi-la-21esima-giornata-per-la-custodia-del-creato\/\",\"name\":\"Savona, in diocesi la 21esima Giornata per la custodia del Creato - il Nuovo Letimbro\",\"isPartOf\":{\"@id\":\"https:\/\/chiesasavona.it\/ilnuovoletimbro\/#website\"},\"primaryImageOfPage\":{\"@id\":\"https:\/\/chiesasavona.it\/ilnuovoletimbro\/2026\/08\/28\/savona-in-diocesi-la-21esima-giornata-per-la-custodia-del-creato\/#primaryimage\"},\"image\":{\"@id\":\"https:\/\/chiesasavona.it\/ilnuovoletimbro\/2026\/08\/28\/savona-in-diocesi-la-21esima-giornata-per-la-custodia-del-creato\/#primaryimage\"},\"thumbnailUrl\":\"https:\/\/chiesasavona.it\/ilnuovoletimbro\/wp-content\/uploads\/sites\/4\/2026\/08\/Creato-01.jpg\",\"datePublished\":\"2026-08-28T07:56:50+00:00\",\"dateModified\":\"2026-08-28T15:21:14+00:00\",\"description\":\"A Finalborgo seminario sul tema \\\"Forgeranno le loro spade in vomeri e le loro lance in falci\\\", da Cogoleto a Varazze passeggiata ecologica\",\"breadcrumb\":{\"@id\":\"https:\/\/chiesasavona.it\/ilnuovoletimbro\/2026\/08\/28\/savona-in-diocesi-la-21esima-giornata-per-la-custodia-del-creato\/#breadcrumb\"},\"inLanguage\":\"it-IT\",\"potentialAction\":[{\"@type\":\"ReadAction\",\"target\":[\"https:\/\/chiesasavona.it\/ilnuovoletimbro\/2026\/08\/28\/savona-in-diocesi-la-21esima-giornata-per-la-custodia-del-creato\/\"]}]},{\"@type\":\"ImageObject\",\"inLanguage\":\"it-IT\",\"@id\":\"https:\/\/chiesasavona.it\/ilnuovoletimbro\/2026\/08\/28\/savona-in-diocesi-la-21esima-giornata-per-la-custodia-del-creato\/#primaryimage\",\"url\":\"https:\/\/chiesasavona.it\/ilnuovoletimbro\/wp-content\/uploads\/sites\/4\/2026\/08\/Creato-01.jpg\",\"contentUrl\":\"https:\/\/chiesasavona.it\/ilnuovoletimbro\/wp-content\/uploads\/sites\/4\/2026\/08\/Creato-01.jpg\",\"width\":1024,\"height\":683},{\"@type\":\"BreadcrumbList\",\"@id\":\"https:\/\/chiesasavona.it\/ilnuovoletimbro\/2026\/08\/28\/savona-in-diocesi-la-21esima-giornata-per-la-custodia-del-creato\/#breadcrumb\",\"itemListElement\":[{\"@type\":\"ListItem\",\"position\":1,\"name\":\"Home\",\"item\":\"https:\/\/chiesasavona.it\/ilnuovoletimbro\/\"},{\"@type\":\"ListItem\",\"position\":2,\"name\":\"Savona, in diocesi la 21esima Giornata per la custodia del Creato\"}]},{\"@type\":\"WebSite\",\"@id\":\"https:\/\/chiesasavona.it\/ilnuovoletimbro\/#website\",\"url\":\"https:\/\/chiesasavona.it\/ilnuovoletimbro\/\",\"name\":\"il Nuovo Letimbro\",\"description\":\"Tutto il bello della diocesi di Savona-Noli!\",\"publisher\":{\"@id\":\"https:\/\/chiesasavona.it\/ilnuovoletimbro\/#organization\"},\"potentialAction\":[{\"@type\":\"SearchAction\",\"target\":{\"@type\":\"EntryPoint\",\"urlTemplate\":\"https:\/\/chiesasavona.it\/ilnuovoletimbro\/?s={search_term_string}\"},\"query-input\":\"required name=search_term_string\"}],\"inLanguage\":\"it-IT\"},{\"@type\":\"Organization\",\"@id\":\"https:\/\/chiesasavona.it\/ilnuovoletimbro\/#organization\",\"name\":\"il Nuovo Letimbro\",\"url\":\"https:\/\/chiesasavona.it\/ilnuovoletimbro\/\",\"logo\":{\"@type\":\"ImageObject\",\"inLanguage\":\"it-IT\",\"@id\":\"https:\/\/chiesasavona.it\/ilnuovoletimbro\/#\/schema\/logo\/image\/\",\"url\":\"https:\/\/chiesasavona.it\/ilnuovoletimbro\/wp-content\/uploads\/sites\/4\/2026\/03\/il-nuovo-letimbro.png\",\"contentUrl\":\"https:\/\/chiesasavona.it\/ilnuovoletimbro\/wp-content\/uploads\/sites\/4\/2026\/03\/il-nuovo-letimbro.png\",\"width\":623,\"height\":623,\"caption\":\"il Nuovo Letimbro\"},\"image\":{\"@id\":\"https:\/\/chiesasavona.it\/ilnuovoletimbro\/#\/schema\/logo\/image\/\"}}]}<\/script>\n<!-- \/ Yoast SEO plugin. -->","yoast_head_json":{"title":"Savona, in diocesi la 21esima Giornata per la custodia del Creato - il Nuovo Letimbro","description":"A Finalborgo seminario sul tema \"Forgeranno le loro spade in vomeri e le loro lance in falci\", da Cogoleto a Varazze passeggiata ecologica","robots":{"index":"index","follow":"follow","max-snippet":"max-snippet:-1","max-image-preview":"max-image-preview:large","max-video-preview":"max-video-preview:-1"},"canonical":"https:\/\/chiesasavona.it\/ilnuovoletimbro\/2026\/08\/28\/savona-in-diocesi-la-21esima-giornata-per-la-custodia-del-creato\/","og_locale":"it_IT","og_type":"article","og_title":"Savona, in diocesi la 21esima Giornata per la custodia del Creato - il Nuovo Letimbro","og_description":"A Finalborgo seminario sul tema \"Forgeranno le loro spade in vomeri e le loro lance in falci\", da Cogoleto a Varazze passeggiata ecologica","og_url":"https:\/\/chiesasavona.it\/ilnuovoletimbro\/2026\/08\/28\/savona-in-diocesi-la-21esima-giornata-per-la-custodia-del-creato\/","og_site_name":"il Nuovo Letimbro","article_published_time":"2026-08-28T07:56:50+00:00","article_modified_time":"2026-08-28T15:21:14+00:00","og_image":[{"width":1024,"height":683,"url":"http:\/\/chiesasavona.it\/ilnuovoletimbro\/wp-content\/uploads\/sites\/4\/2026\/08\/Creato-01.jpg","type":"image\/jpeg"}],"author":"pedalino","twitter_card":"summary_large_image","twitter_misc":{"Written by":"","Est. reading time":"5 minuti"},"schema":{"@context":"https:\/\/schema.org","@graph":[{"@type":"Article","@id":"https:\/\/chiesasavona.it\/ilnuovoletimbro\/2026\/08\/28\/savona-in-diocesi-la-21esima-giornata-per-la-custodia-del-creato\/#article","isPartOf":{"@id":"https:\/\/chiesasavona.it\/ilnuovoletimbro\/2026\/08\/28\/savona-in-diocesi-la-21esima-giornata-per-la-custodia-del-creato\/"},"author":{"name":"pedalino","@id":"https:\/\/chiesasavona.it\/ilnuovoletimbro\/#\/schema\/person\/6868049acc06c8b39e97804ce5d33c50"},"headline":"Savona, in diocesi la 21esima Giornata per la custodia del Creato","datePublished":"2026-08-28T07:56:50+00:00","dateModified":"2026-08-28T15:21:14+00:00","mainEntityOfPage":{"@id":"https:\/\/chiesasavona.it\/ilnuovoletimbro\/2026\/08\/28\/savona-in-diocesi-la-21esima-giornata-per-la-custodia-del-creato\/"},"wordCount":859,"publisher":{"@id":"https:\/\/chiesasavona.it\/ilnuovoletimbro\/#organization"},"image":{"@id":"https:\/\/chiesasavona.it\/ilnuovoletimbro\/2026\/08\/28\/savona-in-diocesi-la-21esima-giornata-per-la-custodia-del-creato\/#primaryimage"},"thumbnailUrl":"https:\/\/chiesasavona.it\/ilnuovoletimbro\/wp-content\/uploads\/sites\/4\/2026\/08\/Creato-01.jpg","keywords":["diocesi savona noli","giornata diocesana custodia creato","tempo del creato"],"articleSection":["Diocesi","Eventi","Home"],"inLanguage":"it-IT"},{"@type":"WebPage","@id":"https:\/\/chiesasavona.it\/ilnuovoletimbro\/2026\/08\/28\/savona-in-diocesi-la-21esima-giornata-per-la-custodia-del-creato\/","url":"https:\/\/chiesasavona.it\/ilnuovoletimbro\/2026\/08\/28\/savona-in-diocesi-la-21esima-giornata-per-la-custodia-del-creato\/","name":"Savona, in diocesi la 21esima Giornata per la custodia del Creato - il Nuovo Letimbro","isPartOf":{"@id":"https:\/\/chiesasavona.it\/ilnuovoletimbro\/#website"},"primaryImageOfPage":{"@id":"https:\/\/chiesasavona.it\/ilnuovoletimbro\/2026\/08\/28\/savona-in-diocesi-la-21esima-giornata-per-la-custodia-del-creato\/#primaryimage"},"image":{"@id":"https:\/\/chiesasavona.it\/ilnuovoletimbro\/2026\/08\/28\/savona-in-diocesi-la-21esima-giornata-per-la-custodia-del-creato\/#primaryimage"},"thumbnailUrl":"https:\/\/chiesasavona.it\/ilnuovoletimbro\/wp-content\/uploads\/sites\/4\/2026\/08\/Creato-01.jpg","datePublished":"2026-08-28T07:56:50+00:00","dateModified":"2026-08-28T15:21:14+00:00","description":"A Finalborgo seminario sul tema \"Forgeranno le loro spade in vomeri e le loro lance in falci\", da Cogoleto a Varazze passeggiata ecologica","breadcrumb":{"@id":"https:\/\/chiesasavona.it\/ilnuovoletimbro\/2026\/08\/28\/savona-in-diocesi-la-21esima-giornata-per-la-custodia-del-creato\/#breadcrumb"},"inLanguage":"it-IT","potentialAction":[{"@type":"ReadAction","target":["https:\/\/chiesasavona.it\/ilnuovoletimbro\/2026\/08\/28\/savona-in-diocesi-la-21esima-giornata-per-la-custodia-del-creato\/"]}]},{"@type":"ImageObject","inLanguage":"it-IT","@id":"https:\/\/chiesasavona.it\/ilnuovoletimbro\/2026\/08\/28\/savona-in-diocesi-la-21esima-giornata-per-la-custodia-del-creato\/#primaryimage","url":"https:\/\/chiesasavona.it\/ilnuovoletimbro\/wp-content\/uploads\/sites\/4\/2026\/08\/Creato-01.jpg","contentUrl":"https:\/\/chiesasavona.it\/ilnuovoletimbro\/wp-content\/uploads\/sites\/4\/2026\/08\/Creato-01.jpg","width":1024,"height":683},{"@type":"BreadcrumbList","@id":"https:\/\/chiesasavona.it\/ilnuovoletimbro\/2026\/08\/28\/savona-in-diocesi-la-21esima-giornata-per-la-custodia-del-creato\/#breadcrumb","itemListElement":[{"@type":"ListItem","position":1,"name":"Home","item":"https:\/\/chiesasavona.it\/ilnuovoletimbro\/"},{"@type":"ListItem","position":2,"name":"Savona, in diocesi la 21esima Giornata per la custodia del Creato"}]},{"@type":"WebSite","@id":"https:\/\/chiesasavona.it\/ilnuovoletimbro\/#website","url":"https:\/\/chiesasavona.it\/ilnuovoletimbro\/","name":"il Nuovo Letimbro","description":"Tutto il bello della diocesi di Savona-Noli!","publisher":{"@id":"https:\/\/chiesasavona.it\/ilnuovoletimbro\/#organization"},"potentialAction":[{"@type":"SearchAction","target":{"@type":"EntryPoint","urlTemplate":"https:\/\/chiesasavona.it\/ilnuovoletimbro\/?s={search_term_string}"},"query-input":"required name=search_term_string"}],"inLanguage":"it-IT"},{"@type":"Organization","@id":"https:\/\/chiesasavona.it\/ilnuovoletimbro\/#organization","name":"il Nuovo Letimbro","url":"https:\/\/chiesasavona.it\/ilnuovoletimbro\/","logo":{"@type":"ImageObject","inLanguage":"it-IT","@id":"https:\/\/chiesasavona.it\/ilnuovoletimbro\/#\/schema\/logo\/image\/","url":"https:\/\/chiesasavona.it\/ilnuovoletimbro\/wp-content\/uploads\/sites\/4\/2026\/03\/il-nuovo-letimbro.png","contentUrl":"https:\/\/chiesasavona.it\/ilnuovoletimbro\/wp-content\/uploads\/sites\/4\/2026\/03\/il-nuovo-letimbro.png","width":623,"height":623,"caption":"il Nuovo Letimbro"},"image":{"@id":"https:\/\/chiesasavona.it\/ilnuovoletimbro\/#\/schema\/logo\/image\/"}}]}},"_links":{"self":[{"href":"https:\/\/chiesasavona.it\/ilnuovoletimbro\/wp-json\/wp\/v2\/posts\/2150","targetHints":{"allow":["GET"]}}],"collection":[{"href":"https:\/\/chiesasavona.it\/ilnuovoletimbro\/wp-json\/wp\/v2\/posts"}],"about":[{"href":"https:\/\/chiesasavona.it\/ilnuovoletimbro\/wp-json\/wp\/v2\/types\/post"}],"author":[{"embeddable":true,"href":"https:\/\/chiesasavona.it\/ilnuovoletimbro\/wp-json\/wp\/v2\/users\/8"}],"replies":[{"embeddable":true,"href":"https:\/\/chiesasavona.it\/ilnuovoletimbro\/wp-json\/wp\/v2\/comments?post=2150"}],"version-history":[{"count":14,"href":"https:\/\/chiesasavona.it\/ilnuovoletimbro\/wp-json\/wp\/v2\/posts\/2150\/revisions"}],"predecessor-version":[{"id":2208,"href":"https:\/\/chiesasavona.it\/ilnuovoletimbro\/wp-json\/wp\/v2\/posts\/2150\/revisions\/2208"}],"wp:featuredmedia":[{"embeddable":true,"href":"https:\/\/chiesasavona.it\/ilnuovoletimbro\/wp-json\/wp\/v2\/media\/2205"}],"wp:attachment":[{"href":"https:\/\/chiesasavona.it\/ilnuovoletimbro\/wp-json\/wp\/v2\/media?parent=2150"}],"wp:term":[{"taxonomy":"category","embeddable":true,"href":"https:\/\/chiesasavona.it\/ilnuovoletimbro\/wp-json\/wp\/v2\/categories?post=2150"},{"taxonomy":"post_tag","embeddable":true,"href":"https:\/\/chiesasavona.it\/ilnuovoletimbro\/wp-json\/wp\/v2\/tags?post=2150"}],"curies":[{"name":"wp","href":"https:\/\/api.w.org\/{rel}","templated":true}]}}