{"id":621,"date":"2026-04-27T10:43:58","date_gmt":"2026-04-27T08:43:58","guid":{"rendered":"https:\/\/chiesasavona.it\/ilnuovoletimbro\/?p=621"},"modified":"2026-04-27T11:35:45","modified_gmt":"2026-04-27T09:35:45","slug":"santa-caterina-don-doglio-e-lanima-spirituale-di-varazze","status":"publish","type":"post","link":"https:\/\/chiesasavona.it\/ilnuovoletimbro\/2026\/04\/27\/santa-caterina-don-doglio-e-lanima-spirituale-di-varazze\/","title":{"rendered":"Santa Caterina, don Doglio: &#8220;\u00c8 l&#8217;anima spirituale di Varazze&#8221;"},"content":{"rendered":"<p><iframe loading=\"lazy\" title=\"Corteo Storico santa Caterina Varazze 2026\" width=\"500\" height=\"281\" src=\"https:\/\/www.youtube.com\/embed\/4sTZ5UC5Vx8?feature=oembed\" frameborder=\"0\" allow=\"accelerometer; autoplay; clipboard-write; encrypted-media; gyroscope; picture-in-picture; web-share\" referrerpolicy=\"strict-origin-when-cross-origin\" allowfullscreen><\/iframe><\/p>\n<p>In occasione del 650\u00b0 anniversario del passaggio di <strong>santa Caterina da Siena<\/strong> la citt\u00e0 di <strong>Varazze<\/strong> sta vivendo ore di intensa partecipazione religiosa e civile, rinnovando il legame profondo con la patrona. Le celebrazioni accompagneranno fedeli e cittadini fino al 30 aprile, giorno della <strong>festa patronale<\/strong>, tra liturgie, rievocazioni storiche e processioni. Un appuntamento particolarmente sentito dalla comunit\u00e0 e che unisce devozione, memoria, tradizione e identit\u00e0 locale.<\/p>\n<p>La festa di santa Caterina da Siena rappresenta il cuore vivo di Varazze, un momento in cui la <strong>comunit\u00e0<\/strong> si ritrova, riconoscendosi nella propria storia. <strong>Don Claudio Doglio<\/strong>, parroco di Sant&#8217;Ambrogio Vescovo e docente di Sacra Scrittura presso la Facolt\u00e0 Teologica dell&#8217;Italia Settentrionale, ci spiega il valore della ricorrenza.<\/p>\n<p><strong>Qual \u00e8 il significato spirituale della presenza di santa Caterina da Siena nella tradizione di Varazze?<\/strong><br \/>\n&#8220;Il ricordo che viene conservato dalla memoria collettiva \u00e8 quello di una visita che ha liberato la citt\u00e0 dalla <strong>peste<\/strong>. Anche se le documentazioni storiografiche non sono certissime, la festa come vissuta oggi risale al 1630, quindi 300 anni dopo la visita della santa, ma in quell&#8217;occasione ci fu una grande pestilenza anche in Liguria. \u00c8 la peste dei &#8216;<strong>Promessi sposi<\/strong>&#8216;, per intenderci, e anche a Varazze ci furono situazioni di malattia ma senza gravi danni. Fu proprio la memoria quindi di quell\u2019evento straordinario a riportare alla luce il ricordo della visita di Caterina e alla liberazione.&#8221;<\/p>\n<p><strong>Perch\u00e9 la festa patronale \u00e8 cos\u00ec importante per la comunit\u00e0 cristiana?<\/strong><br \/>\n&#8220;Le feste patronali rappresentano l\u2019anima di un popolo o una comunit\u00e0. Soprattutto dove c\u2019\u00e8 una forte <strong>tradizione<\/strong> si percepisce questo legame: nelle citt\u00e0 si \u00e8 un po\u2019 perso, invece in un ambiente pi\u00f9 ristretto, come Varazze, \u00e8 profondo. La festa patronale \u00e8 il momento in cui ci si riscopre parte di un unico corpo: la realt\u00e0 del corpo ecclesiale che si ritrova attorno alla patrona. Santa Caterina rappresenta l\u2019anima spirituale di Varazze: i varazzini vivono il suo ricordo come una celebrazione della propria realt\u00e0 di <strong>Chiesa<\/strong> nel territorio.&#8221;<\/p>\n<p><strong>La figura di Caterina \u00e8 ancora attuale?<\/strong><br \/>\n&#8220;Si \u00e8 venuto a creare uno strano processo, per cui la figura della santa, o meglio la festa a lei dedicata del 30 aprile, ha finito per identificarsi con la citt\u00e0 in una dimensione di tipo familiare. Si \u00e8 creata la tradizione del collegamento con i propri cari, anche quelli defunti, che hanno vissuto questa festa e vengono ricordati. A me sembra non ci sia tanto l\u2019attaccamento al personaggio storico di Caterina, al suo insegnamento, al suo esempio da voler seguire, ma \u00e8 in qualche modo <strong>l\u2019anima della citt\u00e0<\/strong> e richiama le tradizioni familiari, i collegamenti con i padri, i nonni, i bisnonni, con quella lacrima che viene, ricordando quelli che non ci sono pi\u00f9.&#8221;<\/p>\n<div id='gallery-1' class='gallery galleryid-621 gallery-columns-5 gallery-size-full'><figure class='gallery-item'>\n\t\t\t<div class='gallery-icon landscape'>\n\t\t\t\t<a href='https:\/\/chiesasavona.it\/ilnuovoletimbro\/wp-content\/uploads\/sites\/4\/2026\/04\/claudio_doglio_corteo_storico_01.jpeg' title=\"\" data-rl_title=\"\" class=\"rl-gallery-link\" data-rl_caption=\"\" data-rel=\"lightbox-gallery-1\"><img loading=\"lazy\" decoding=\"async\" width=\"1600\" height=\"1200\" src=\"https:\/\/chiesasavona.it\/ilnuovoletimbro\/wp-content\/uploads\/sites\/4\/2026\/04\/claudio_doglio_corteo_storico_01.jpeg\" class=\"attachment-full size-full\" alt=\"\" aria-describedby=\"gallery-1-666\" srcset=\"https:\/\/chiesasavona.it\/ilnuovoletimbro\/wp-content\/uploads\/sites\/4\/2026\/04\/claudio_doglio_corteo_storico_01.jpeg 1600w, https:\/\/chiesasavona.it\/ilnuovoletimbro\/wp-content\/uploads\/sites\/4\/2026\/04\/claudio_doglio_corteo_storico_01-300x225.jpeg 300w, https:\/\/chiesasavona.it\/ilnuovoletimbro\/wp-content\/uploads\/sites\/4\/2026\/04\/claudio_doglio_corteo_storico_01-1024x768.jpeg 1024w, https:\/\/chiesasavona.it\/ilnuovoletimbro\/wp-content\/uploads\/sites\/4\/2026\/04\/claudio_doglio_corteo_storico_01-768x576.jpeg 768w, https:\/\/chiesasavona.it\/ilnuovoletimbro\/wp-content\/uploads\/sites\/4\/2026\/04\/claudio_doglio_corteo_storico_01-1536x1152.jpeg 1536w\" sizes=\"auto, (max-width: 1600px) 100vw, 1600px\" \/><\/a>\n\t\t\t<\/div>\n\t\t\t\t<figcaption class='wp-caption-text gallery-caption' id='gallery-1-666'>\n\t\t\t\tDon Claudio Doglio al corteo storico per santa Caterina\n\t\t\t\t<\/figcaption><\/figure><figure class='gallery-item'>\n\t\t\t<div class='gallery-icon landscape'>\n\t\t\t\t<a href='https:\/\/chiesasavona.it\/ilnuovoletimbro\/wp-content\/uploads\/sites\/4\/2026\/04\/claudio_doglio_corteo_storico_02.jpeg' title=\"\" data-rl_title=\"\" class=\"rl-gallery-link\" data-rl_caption=\"\" data-rel=\"lightbox-gallery-1\"><img loading=\"lazy\" decoding=\"async\" width=\"2048\" height=\"1536\" src=\"https:\/\/chiesasavona.it\/ilnuovoletimbro\/wp-content\/uploads\/sites\/4\/2026\/04\/claudio_doglio_corteo_storico_02.jpeg\" class=\"attachment-full size-full\" alt=\"\" aria-describedby=\"gallery-1-667\" srcset=\"https:\/\/chiesasavona.it\/ilnuovoletimbro\/wp-content\/uploads\/sites\/4\/2026\/04\/claudio_doglio_corteo_storico_02.jpeg 2048w, https:\/\/chiesasavona.it\/ilnuovoletimbro\/wp-content\/uploads\/sites\/4\/2026\/04\/claudio_doglio_corteo_storico_02-300x225.jpeg 300w, https:\/\/chiesasavona.it\/ilnuovoletimbro\/wp-content\/uploads\/sites\/4\/2026\/04\/claudio_doglio_corteo_storico_02-1024x768.jpeg 1024w, https:\/\/chiesasavona.it\/ilnuovoletimbro\/wp-content\/uploads\/sites\/4\/2026\/04\/claudio_doglio_corteo_storico_02-768x576.jpeg 768w, https:\/\/chiesasavona.it\/ilnuovoletimbro\/wp-content\/uploads\/sites\/4\/2026\/04\/claudio_doglio_corteo_storico_02-1536x1152.jpeg 1536w\" sizes=\"auto, (max-width: 2048px) 100vw, 2048px\" \/><\/a>\n\t\t\t<\/div>\n\t\t\t\t<figcaption class='wp-caption-text gallery-caption' id='gallery-1-667'>\n\t\t\t\tDon Claudio Doglio al corteo storico per santa Caterina\n\t\t\t\t<\/figcaption><\/figure><figure class='gallery-item'>\n\t\t\t<div class='gallery-icon landscape'>\n\t\t\t\t<a href='https:\/\/chiesasavona.it\/ilnuovoletimbro\/wp-content\/uploads\/sites\/4\/2026\/04\/claudio_doglio_corteo_storico_03.jpeg' title=\"\" data-rl_title=\"\" class=\"rl-gallery-link\" data-rl_caption=\"\" data-rel=\"lightbox-gallery-1\"><img loading=\"lazy\" decoding=\"async\" width=\"2048\" height=\"1536\" src=\"https:\/\/chiesasavona.it\/ilnuovoletimbro\/wp-content\/uploads\/sites\/4\/2026\/04\/claudio_doglio_corteo_storico_03.jpeg\" class=\"attachment-full size-full\" alt=\"\" aria-describedby=\"gallery-1-668\" srcset=\"https:\/\/chiesasavona.it\/ilnuovoletimbro\/wp-content\/uploads\/sites\/4\/2026\/04\/claudio_doglio_corteo_storico_03.jpeg 2048w, https:\/\/chiesasavona.it\/ilnuovoletimbro\/wp-content\/uploads\/sites\/4\/2026\/04\/claudio_doglio_corteo_storico_03-300x225.jpeg 300w, https:\/\/chiesasavona.it\/ilnuovoletimbro\/wp-content\/uploads\/sites\/4\/2026\/04\/claudio_doglio_corteo_storico_03-1024x768.jpeg 1024w, https:\/\/chiesasavona.it\/ilnuovoletimbro\/wp-content\/uploads\/sites\/4\/2026\/04\/claudio_doglio_corteo_storico_03-768x576.jpeg 768w, https:\/\/chiesasavona.it\/ilnuovoletimbro\/wp-content\/uploads\/sites\/4\/2026\/04\/claudio_doglio_corteo_storico_03-1536x1152.jpeg 1536w\" sizes=\"auto, (max-width: 2048px) 100vw, 2048px\" \/><\/a>\n\t\t\t<\/div>\n\t\t\t\t<figcaption class='wp-caption-text gallery-caption' id='gallery-1-668'>\n\t\t\t\tDon Claudio Doglio al corteo storico per santa Caterina\n\t\t\t\t<\/figcaption><\/figure><figure class='gallery-item'>\n\t\t\t<div class='gallery-icon landscape'>\n\t\t\t\t<a href='https:\/\/chiesasavona.it\/ilnuovoletimbro\/wp-content\/uploads\/sites\/4\/2026\/04\/claudio_doglio_corteo_storico_04.jpeg' title=\"\" data-rl_title=\"\" class=\"rl-gallery-link\" data-rl_caption=\"\" data-rel=\"lightbox-gallery-1\"><img loading=\"lazy\" decoding=\"async\" width=\"2048\" height=\"1536\" src=\"https:\/\/chiesasavona.it\/ilnuovoletimbro\/wp-content\/uploads\/sites\/4\/2026\/04\/claudio_doglio_corteo_storico_04.jpeg\" class=\"attachment-full size-full\" alt=\"\" aria-describedby=\"gallery-1-669\" srcset=\"https:\/\/chiesasavona.it\/ilnuovoletimbro\/wp-content\/uploads\/sites\/4\/2026\/04\/claudio_doglio_corteo_storico_04.jpeg 2048w, https:\/\/chiesasavona.it\/ilnuovoletimbro\/wp-content\/uploads\/sites\/4\/2026\/04\/claudio_doglio_corteo_storico_04-300x225.jpeg 300w, https:\/\/chiesasavona.it\/ilnuovoletimbro\/wp-content\/uploads\/sites\/4\/2026\/04\/claudio_doglio_corteo_storico_04-1024x768.jpeg 1024w, https:\/\/chiesasavona.it\/ilnuovoletimbro\/wp-content\/uploads\/sites\/4\/2026\/04\/claudio_doglio_corteo_storico_04-768x576.jpeg 768w, https:\/\/chiesasavona.it\/ilnuovoletimbro\/wp-content\/uploads\/sites\/4\/2026\/04\/claudio_doglio_corteo_storico_04-1536x1152.jpeg 1536w\" sizes=\"auto, (max-width: 2048px) 100vw, 2048px\" \/><\/a>\n\t\t\t<\/div>\n\t\t\t\t<figcaption class='wp-caption-text gallery-caption' id='gallery-1-669'>\n\t\t\t\tDon Claudio Doglio al corteo storico per santa Caterina\n\t\t\t\t<\/figcaption><\/figure><figure class='gallery-item'>\n\t\t\t<div class='gallery-icon landscape'>\n\t\t\t\t<a href='https:\/\/chiesasavona.it\/ilnuovoletimbro\/wp-content\/uploads\/sites\/4\/2026\/04\/claudio_doglio_corteo_storico_05.jpeg' title=\"\" data-rl_title=\"\" class=\"rl-gallery-link\" data-rl_caption=\"\" data-rel=\"lightbox-gallery-1\"><img loading=\"lazy\" decoding=\"async\" width=\"2048\" height=\"1536\" src=\"https:\/\/chiesasavona.it\/ilnuovoletimbro\/wp-content\/uploads\/sites\/4\/2026\/04\/claudio_doglio_corteo_storico_05.jpeg\" class=\"attachment-full size-full\" alt=\"\" aria-describedby=\"gallery-1-670\" srcset=\"https:\/\/chiesasavona.it\/ilnuovoletimbro\/wp-content\/uploads\/sites\/4\/2026\/04\/claudio_doglio_corteo_storico_05.jpeg 2048w, https:\/\/chiesasavona.it\/ilnuovoletimbro\/wp-content\/uploads\/sites\/4\/2026\/04\/claudio_doglio_corteo_storico_05-300x225.jpeg 300w, https:\/\/chiesasavona.it\/ilnuovoletimbro\/wp-content\/uploads\/sites\/4\/2026\/04\/claudio_doglio_corteo_storico_05-1024x768.jpeg 1024w, https:\/\/chiesasavona.it\/ilnuovoletimbro\/wp-content\/uploads\/sites\/4\/2026\/04\/claudio_doglio_corteo_storico_05-768x576.jpeg 768w, https:\/\/chiesasavona.it\/ilnuovoletimbro\/wp-content\/uploads\/sites\/4\/2026\/04\/claudio_doglio_corteo_storico_05-1536x1152.jpeg 1536w\" sizes=\"auto, (max-width: 2048px) 100vw, 2048px\" \/><\/a>\n\t\t\t<\/div>\n\t\t\t\t<figcaption class='wp-caption-text gallery-caption' id='gallery-1-670'>\n\t\t\t\tDon Claudio Doglio al corteo storico per santa Caterina\n\t\t\t\t<\/figcaption><\/figure>\n\t\t<\/div>\n\n<p><iframe loading=\"lazy\" style=\"border: none; overflow: hidden;\" src=\"https:\/\/www.facebook.com\/plugins\/post.php?href=https%3A%2F%2Fwww.facebook.com%2FIlLetimbro%2Fposts%2Fpfbid0kzo8wD9LZCHiZBjaJhnvgSErEVruqA94Z1nvyhsMviy8gwAcWMQpYherFnfrY7YCl&amp;show_text=true&amp;width=500\" width=\"500\" height=\"652\" frameborder=\"0\" scrolling=\"no\" allowfullscreen=\"allowfullscreen\"><\/iframe><\/p>\n","protected":false},"excerpt":{"rendered":"<p>In occasione del 650\u00b0 anniversario del passaggio di santa Caterina da Siena la citt\u00e0 di Varazze sta vivendo ore di intensa partecipazione religiosa e civile, rinnovando il legame profondo con la patrona. Le celebrazioni accompagneranno fedeli e cittadini fino al 30 aprile, giorno della festa patronale, tra liturgie, rievocazioni storiche e processioni. Un appuntamento particolarmente [&hellip;]<\/p>\n","protected":false},"author":0,"featured_media":666,"comment_status":"closed","ping_status":"open","sticky":false,"template":"","format":"standard","meta":{"_acf_changed":false,"footnotes":""},"categories":[37,64,23],"tags":[73,72,78],"class_list":["post-621","post","type-post","status-publish","format-standard","has-post-thumbnail","hentry","category-notizie","category-parrocchie","category-video","tag-claudio-doglio","tag-festa-santa-caterina-varazze","tag-santa-caterina"],"acf":[],"yoast_head":"<!-- This site is optimized with the Yoast SEO plugin v22.3 - https:\/\/yoast.com\/wordpress\/plugins\/seo\/ -->\n<title>Santa Caterina, don Doglio: &quot;\u00c8 l&#039;anima spirituale di Varazze&quot; - Il Nuovo Letimbro<\/title>\n<meta name=\"description\" content=\"Il parroco e biblista: &quot;La festa patronale di santa Caterina \u00e8 il momento in cui ci si riscopre parte di un&#039;unica realt\u00e0 ecclesiale&quot;\" \/>\n<meta name=\"robots\" content=\"index, follow, max-snippet:-1, max-image-preview:large, max-video-preview:-1\" \/>\n<link rel=\"canonical\" href=\"https:\/\/chiesasavona.it\/ilnuovoletimbro\/2026\/04\/27\/santa-caterina-don-doglio-e-lanima-spirituale-di-varazze\/\" \/>\n<meta property=\"og:locale\" content=\"it_IT\" \/>\n<meta property=\"og:type\" content=\"article\" \/>\n<meta property=\"og:title\" content=\"Santa Caterina, don Doglio: &quot;\u00c8 l&#039;anima spirituale di Varazze&quot; - Il Nuovo Letimbro\" \/>\n<meta property=\"og:description\" content=\"Il parroco e biblista: &quot;La festa patronale di santa Caterina \u00e8 il momento in cui ci si riscopre parte di un&#039;unica realt\u00e0 ecclesiale&quot;\" \/>\n<meta property=\"og:url\" content=\"https:\/\/chiesasavona.it\/ilnuovoletimbro\/2026\/04\/27\/santa-caterina-don-doglio-e-lanima-spirituale-di-varazze\/\" \/>\n<meta property=\"og:site_name\" content=\"Il Nuovo Letimbro\" \/>\n<meta property=\"article:published_time\" content=\"2026-04-27T08:43:58+00:00\" \/>\n<meta property=\"article:modified_time\" content=\"2026-04-27T09:35:45+00:00\" \/>\n<meta property=\"og:image\" content=\"http:\/\/chiesasavona.it\/ilnuovoletimbro\/wp-content\/uploads\/sites\/4\/2026\/04\/claudio_doglio_corteo_storico_01.jpeg\" \/>\n\t<meta property=\"og:image:width\" content=\"1600\" \/>\n\t<meta property=\"og:image:height\" content=\"1200\" \/>\n\t<meta property=\"og:image:type\" content=\"image\/jpeg\" \/>\n<meta name=\"author\" content=\"Lorenzo Bisio\" \/>\n<meta name=\"twitter:card\" content=\"summary_large_image\" \/>\n<meta name=\"twitter:label1\" content=\"Written by\" \/>\n\t<meta name=\"twitter:data1\" content=\"\" \/>\n\t<meta name=\"twitter:label2\" content=\"Est. reading time\" \/>\n\t<meta name=\"twitter:data2\" content=\"3 minuti\" \/>\n<script type=\"application\/ld+json\" class=\"yoast-schema-graph\">{\"@context\":\"https:\/\/schema.org\",\"@graph\":[{\"@type\":\"Article\",\"@id\":\"https:\/\/chiesasavona.it\/ilnuovoletimbro\/2026\/04\/27\/santa-caterina-don-doglio-e-lanima-spirituale-di-varazze\/#article\",\"isPartOf\":{\"@id\":\"https:\/\/chiesasavona.it\/ilnuovoletimbro\/2026\/04\/27\/santa-caterina-don-doglio-e-lanima-spirituale-di-varazze\/\"},\"author\":{\"name\":\"Lorenzo Bisio\",\"@id\":\"https:\/\/chiesasavona.it\/ilnuovoletimbro\/#\/schema\/person\/1963e21015768efde086b36334ddc143\"},\"headline\":\"Santa Caterina, don Doglio: &#8220;\u00c8 l&#8217;anima spirituale di Varazze&#8221;\",\"datePublished\":\"2026-04-27T08:43:58+00:00\",\"dateModified\":\"2026-04-27T09:35:45+00:00\",\"mainEntityOfPage\":{\"@id\":\"https:\/\/chiesasavona.it\/ilnuovoletimbro\/2026\/04\/27\/santa-caterina-don-doglio-e-lanima-spirituale-di-varazze\/\"},\"wordCount\":464,\"publisher\":{\"@id\":\"https:\/\/chiesasavona.it\/ilnuovoletimbro\/#organization\"},\"image\":{\"@id\":\"https:\/\/chiesasavona.it\/ilnuovoletimbro\/2026\/04\/27\/santa-caterina-don-doglio-e-lanima-spirituale-di-varazze\/#primaryimage\"},\"thumbnailUrl\":\"https:\/\/chiesasavona.it\/ilnuovoletimbro\/wp-content\/uploads\/sites\/4\/2026\/04\/claudio_doglio_corteo_storico_01.jpeg\",\"keywords\":[\"claudio doglio\",\"festa santa caterina varazze\",\"santa caterina\"],\"articleSection\":[\"Notizie\",\"Parrocchie\",\"Video\"],\"inLanguage\":\"it-IT\"},{\"@type\":\"WebPage\",\"@id\":\"https:\/\/chiesasavona.it\/ilnuovoletimbro\/2026\/04\/27\/santa-caterina-don-doglio-e-lanima-spirituale-di-varazze\/\",\"url\":\"https:\/\/chiesasavona.it\/ilnuovoletimbro\/2026\/04\/27\/santa-caterina-don-doglio-e-lanima-spirituale-di-varazze\/\",\"name\":\"Santa Caterina, don Doglio: \\\"\u00c8 l'anima spirituale di Varazze\\\" - Il Nuovo Letimbro\",\"isPartOf\":{\"@id\":\"https:\/\/chiesasavona.it\/ilnuovoletimbro\/#website\"},\"primaryImageOfPage\":{\"@id\":\"https:\/\/chiesasavona.it\/ilnuovoletimbro\/2026\/04\/27\/santa-caterina-don-doglio-e-lanima-spirituale-di-varazze\/#primaryimage\"},\"image\":{\"@id\":\"https:\/\/chiesasavona.it\/ilnuovoletimbro\/2026\/04\/27\/santa-caterina-don-doglio-e-lanima-spirituale-di-varazze\/#primaryimage\"},\"thumbnailUrl\":\"https:\/\/chiesasavona.it\/ilnuovoletimbro\/wp-content\/uploads\/sites\/4\/2026\/04\/claudio_doglio_corteo_storico_01.jpeg\",\"datePublished\":\"2026-04-27T08:43:58+00:00\",\"dateModified\":\"2026-04-27T09:35:45+00:00\",\"description\":\"Il parroco e biblista: \\\"La festa patronale di santa Caterina \u00e8 il momento in cui ci si riscopre parte di un'unica realt\u00e0 ecclesiale\\\"\",\"breadcrumb\":{\"@id\":\"https:\/\/chiesasavona.it\/ilnuovoletimbro\/2026\/04\/27\/santa-caterina-don-doglio-e-lanima-spirituale-di-varazze\/#breadcrumb\"},\"inLanguage\":\"it-IT\",\"potentialAction\":[{\"@type\":\"ReadAction\",\"target\":[\"https:\/\/chiesasavona.it\/ilnuovoletimbro\/2026\/04\/27\/santa-caterina-don-doglio-e-lanima-spirituale-di-varazze\/\"]}]},{\"@type\":\"ImageObject\",\"inLanguage\":\"it-IT\",\"@id\":\"https:\/\/chiesasavona.it\/ilnuovoletimbro\/2026\/04\/27\/santa-caterina-don-doglio-e-lanima-spirituale-di-varazze\/#primaryimage\",\"url\":\"https:\/\/chiesasavona.it\/ilnuovoletimbro\/wp-content\/uploads\/sites\/4\/2026\/04\/claudio_doglio_corteo_storico_01.jpeg\",\"contentUrl\":\"https:\/\/chiesasavona.it\/ilnuovoletimbro\/wp-content\/uploads\/sites\/4\/2026\/04\/claudio_doglio_corteo_storico_01.jpeg\",\"width\":1600,\"height\":1200,\"caption\":\"Don Claudio Doglio al corteo storico per santa Caterina\"},{\"@type\":\"BreadcrumbList\",\"@id\":\"https:\/\/chiesasavona.it\/ilnuovoletimbro\/2026\/04\/27\/santa-caterina-don-doglio-e-lanima-spirituale-di-varazze\/#breadcrumb\",\"itemListElement\":[{\"@type\":\"ListItem\",\"position\":1,\"name\":\"Home\",\"item\":\"https:\/\/chiesasavona.it\/ilnuovoletimbro\/\"},{\"@type\":\"ListItem\",\"position\":2,\"name\":\"Santa Caterina, don Doglio: &#8220;\u00c8 l&#8217;anima spirituale di Varazze&#8221;\"}]},{\"@type\":\"WebSite\",\"@id\":\"https:\/\/chiesasavona.it\/ilnuovoletimbro\/#website\",\"url\":\"https:\/\/chiesasavona.it\/ilnuovoletimbro\/\",\"name\":\"Il Nuovo Letimbro\",\"description\":\"\",\"publisher\":{\"@id\":\"https:\/\/chiesasavona.it\/ilnuovoletimbro\/#organization\"},\"potentialAction\":[{\"@type\":\"SearchAction\",\"target\":{\"@type\":\"EntryPoint\",\"urlTemplate\":\"https:\/\/chiesasavona.it\/ilnuovoletimbro\/?s={search_term_string}\"},\"query-input\":\"required name=search_term_string\"}],\"inLanguage\":\"it-IT\"},{\"@type\":\"Organization\",\"@id\":\"https:\/\/chiesasavona.it\/ilnuovoletimbro\/#organization\",\"name\":\"il Nuovo Letimbro\",\"url\":\"https:\/\/chiesasavona.it\/ilnuovoletimbro\/\",\"logo\":{\"@type\":\"ImageObject\",\"inLanguage\":\"it-IT\",\"@id\":\"https:\/\/chiesasavona.it\/ilnuovoletimbro\/#\/schema\/logo\/image\/\",\"url\":\"https:\/\/chiesasavona.it\/ilnuovoletimbro\/wp-content\/uploads\/sites\/4\/2026\/03\/il-nuovo-letimbro.png\",\"contentUrl\":\"https:\/\/chiesasavona.it\/ilnuovoletimbro\/wp-content\/uploads\/sites\/4\/2026\/03\/il-nuovo-letimbro.png\",\"width\":623,\"height\":623,\"caption\":\"il Nuovo Letimbro\"},\"image\":{\"@id\":\"https:\/\/chiesasavona.it\/ilnuovoletimbro\/#\/schema\/logo\/image\/\"}}]}<\/script>\n<!-- \/ Yoast SEO plugin. -->","yoast_head_json":{"title":"Santa Caterina, don Doglio: \"\u00c8 l'anima spirituale di Varazze\" - Il Nuovo Letimbro","description":"Il parroco e biblista: \"La festa patronale di santa Caterina \u00e8 il momento in cui ci si riscopre parte di un'unica realt\u00e0 ecclesiale\"","robots":{"index":"index","follow":"follow","max-snippet":"max-snippet:-1","max-image-preview":"max-image-preview:large","max-video-preview":"max-video-preview:-1"},"canonical":"https:\/\/chiesasavona.it\/ilnuovoletimbro\/2026\/04\/27\/santa-caterina-don-doglio-e-lanima-spirituale-di-varazze\/","og_locale":"it_IT","og_type":"article","og_title":"Santa Caterina, don Doglio: \"\u00c8 l'anima spirituale di Varazze\" - Il Nuovo Letimbro","og_description":"Il parroco e biblista: \"La festa patronale di santa Caterina \u00e8 il momento in cui ci si riscopre parte di un'unica realt\u00e0 ecclesiale\"","og_url":"https:\/\/chiesasavona.it\/ilnuovoletimbro\/2026\/04\/27\/santa-caterina-don-doglio-e-lanima-spirituale-di-varazze\/","og_site_name":"Il Nuovo Letimbro","article_published_time":"2026-04-27T08:43:58+00:00","article_modified_time":"2026-04-27T09:35:45+00:00","og_image":[{"width":1600,"height":1200,"url":"http:\/\/chiesasavona.it\/ilnuovoletimbro\/wp-content\/uploads\/sites\/4\/2026\/04\/claudio_doglio_corteo_storico_01.jpeg","type":"image\/jpeg"}],"author":"Lorenzo Bisio","twitter_card":"summary_large_image","twitter_misc":{"Written by":"","Est. reading time":"3 minuti"},"schema":{"@context":"https:\/\/schema.org","@graph":[{"@type":"Article","@id":"https:\/\/chiesasavona.it\/ilnuovoletimbro\/2026\/04\/27\/santa-caterina-don-doglio-e-lanima-spirituale-di-varazze\/#article","isPartOf":{"@id":"https:\/\/chiesasavona.it\/ilnuovoletimbro\/2026\/04\/27\/santa-caterina-don-doglio-e-lanima-spirituale-di-varazze\/"},"author":{"name":"Lorenzo Bisio","@id":"https:\/\/chiesasavona.it\/ilnuovoletimbro\/#\/schema\/person\/1963e21015768efde086b36334ddc143"},"headline":"Santa Caterina, don Doglio: &#8220;\u00c8 l&#8217;anima spirituale di Varazze&#8221;","datePublished":"2026-04-27T08:43:58+00:00","dateModified":"2026-04-27T09:35:45+00:00","mainEntityOfPage":{"@id":"https:\/\/chiesasavona.it\/ilnuovoletimbro\/2026\/04\/27\/santa-caterina-don-doglio-e-lanima-spirituale-di-varazze\/"},"wordCount":464,"publisher":{"@id":"https:\/\/chiesasavona.it\/ilnuovoletimbro\/#organization"},"image":{"@id":"https:\/\/chiesasavona.it\/ilnuovoletimbro\/2026\/04\/27\/santa-caterina-don-doglio-e-lanima-spirituale-di-varazze\/#primaryimage"},"thumbnailUrl":"https:\/\/chiesasavona.it\/ilnuovoletimbro\/wp-content\/uploads\/sites\/4\/2026\/04\/claudio_doglio_corteo_storico_01.jpeg","keywords":["claudio doglio","festa santa caterina varazze","santa caterina"],"articleSection":["Notizie","Parrocchie","Video"],"inLanguage":"it-IT"},{"@type":"WebPage","@id":"https:\/\/chiesasavona.it\/ilnuovoletimbro\/2026\/04\/27\/santa-caterina-don-doglio-e-lanima-spirituale-di-varazze\/","url":"https:\/\/chiesasavona.it\/ilnuovoletimbro\/2026\/04\/27\/santa-caterina-don-doglio-e-lanima-spirituale-di-varazze\/","name":"Santa Caterina, don Doglio: \"\u00c8 l'anima spirituale di Varazze\" - Il Nuovo Letimbro","isPartOf":{"@id":"https:\/\/chiesasavona.it\/ilnuovoletimbro\/#website"},"primaryImageOfPage":{"@id":"https:\/\/chiesasavona.it\/ilnuovoletimbro\/2026\/04\/27\/santa-caterina-don-doglio-e-lanima-spirituale-di-varazze\/#primaryimage"},"image":{"@id":"https:\/\/chiesasavona.it\/ilnuovoletimbro\/2026\/04\/27\/santa-caterina-don-doglio-e-lanima-spirituale-di-varazze\/#primaryimage"},"thumbnailUrl":"https:\/\/chiesasavona.it\/ilnuovoletimbro\/wp-content\/uploads\/sites\/4\/2026\/04\/claudio_doglio_corteo_storico_01.jpeg","datePublished":"2026-04-27T08:43:58+00:00","dateModified":"2026-04-27T09:35:45+00:00","description":"Il parroco e biblista: \"La festa patronale di santa Caterina \u00e8 il momento in cui ci si riscopre parte di un'unica realt\u00e0 ecclesiale\"","breadcrumb":{"@id":"https:\/\/chiesasavona.it\/ilnuovoletimbro\/2026\/04\/27\/santa-caterina-don-doglio-e-lanima-spirituale-di-varazze\/#breadcrumb"},"inLanguage":"it-IT","potentialAction":[{"@type":"ReadAction","target":["https:\/\/chiesasavona.it\/ilnuovoletimbro\/2026\/04\/27\/santa-caterina-don-doglio-e-lanima-spirituale-di-varazze\/"]}]},{"@type":"ImageObject","inLanguage":"it-IT","@id":"https:\/\/chiesasavona.it\/ilnuovoletimbro\/2026\/04\/27\/santa-caterina-don-doglio-e-lanima-spirituale-di-varazze\/#primaryimage","url":"https:\/\/chiesasavona.it\/ilnuovoletimbro\/wp-content\/uploads\/sites\/4\/2026\/04\/claudio_doglio_corteo_storico_01.jpeg","contentUrl":"https:\/\/chiesasavona.it\/ilnuovoletimbro\/wp-content\/uploads\/sites\/4\/2026\/04\/claudio_doglio_corteo_storico_01.jpeg","width":1600,"height":1200,"caption":"Don Claudio Doglio al corteo storico per santa Caterina"},{"@type":"BreadcrumbList","@id":"https:\/\/chiesasavona.it\/ilnuovoletimbro\/2026\/04\/27\/santa-caterina-don-doglio-e-lanima-spirituale-di-varazze\/#breadcrumb","itemListElement":[{"@type":"ListItem","position":1,"name":"Home","item":"https:\/\/chiesasavona.it\/ilnuovoletimbro\/"},{"@type":"ListItem","position":2,"name":"Santa Caterina, don Doglio: &#8220;\u00c8 l&#8217;anima spirituale di Varazze&#8221;"}]},{"@type":"WebSite","@id":"https:\/\/chiesasavona.it\/ilnuovoletimbro\/#website","url":"https:\/\/chiesasavona.it\/ilnuovoletimbro\/","name":"Il Nuovo Letimbro","description":"","publisher":{"@id":"https:\/\/chiesasavona.it\/ilnuovoletimbro\/#organization"},"potentialAction":[{"@type":"SearchAction","target":{"@type":"EntryPoint","urlTemplate":"https:\/\/chiesasavona.it\/ilnuovoletimbro\/?s={search_term_string}"},"query-input":"required name=search_term_string"}],"inLanguage":"it-IT"},{"@type":"Organization","@id":"https:\/\/chiesasavona.it\/ilnuovoletimbro\/#organization","name":"il Nuovo Letimbro","url":"https:\/\/chiesasavona.it\/ilnuovoletimbro\/","logo":{"@type":"ImageObject","inLanguage":"it-IT","@id":"https:\/\/chiesasavona.it\/ilnuovoletimbro\/#\/schema\/logo\/image\/","url":"https:\/\/chiesasavona.it\/ilnuovoletimbro\/wp-content\/uploads\/sites\/4\/2026\/03\/il-nuovo-letimbro.png","contentUrl":"https:\/\/chiesasavona.it\/ilnuovoletimbro\/wp-content\/uploads\/sites\/4\/2026\/03\/il-nuovo-letimbro.png","width":623,"height":623,"caption":"il Nuovo Letimbro"},"image":{"@id":"https:\/\/chiesasavona.it\/ilnuovoletimbro\/#\/schema\/logo\/image\/"}}]}},"_links":{"self":[{"href":"https:\/\/chiesasavona.it\/ilnuovoletimbro\/wp-json\/wp\/v2\/posts\/621","targetHints":{"allow":["GET"]}}],"collection":[{"href":"https:\/\/chiesasavona.it\/ilnuovoletimbro\/wp-json\/wp\/v2\/posts"}],"about":[{"href":"https:\/\/chiesasavona.it\/ilnuovoletimbro\/wp-json\/wp\/v2\/types\/post"}],"author":[{"embeddable":true,"href":"https:\/\/chiesasavona.it\/ilnuovoletimbro\/wp-json\/wp\/v2\/users\/9"}],"replies":[{"embeddable":true,"href":"https:\/\/chiesasavona.it\/ilnuovoletimbro\/wp-json\/wp\/v2\/comments?post=621"}],"version-history":[{"count":21,"href":"https:\/\/chiesasavona.it\/ilnuovoletimbro\/wp-json\/wp\/v2\/posts\/621\/revisions"}],"predecessor-version":[{"id":684,"href":"https:\/\/chiesasavona.it\/ilnuovoletimbro\/wp-json\/wp\/v2\/posts\/621\/revisions\/684"}],"wp:featuredmedia":[{"embeddable":true,"href":"https:\/\/chiesasavona.it\/ilnuovoletimbro\/wp-json\/wp\/v2\/media\/666"}],"wp:attachment":[{"href":"https:\/\/chiesasavona.it\/ilnuovoletimbro\/wp-json\/wp\/v2\/media?parent=621"}],"wp:term":[{"taxonomy":"category","embeddable":true,"href":"https:\/\/chiesasavona.it\/ilnuovoletimbro\/wp-json\/wp\/v2\/categories?post=621"},{"taxonomy":"post_tag","embeddable":true,"href":"https:\/\/chiesasavona.it\/ilnuovoletimbro\/wp-json\/wp\/v2\/tags?post=621"}],"curies":[{"name":"wp","href":"https:\/\/api.w.org\/{rel}","templated":true}]}}