{"id":625,"date":"2026-04-25T09:54:15","date_gmt":"2026-04-25T07:54:15","guid":{"rendered":"https:\/\/chiesasavona.it\/ilnuovoletimbro\/?p=625"},"modified":"2026-04-26T13:13:52","modified_gmt":"2026-04-26T11:13:52","slug":"varazze-il-dietro-le-quinte-del-corteo-storico-di-santa-caterina","status":"publish","type":"post","link":"https:\/\/chiesasavona.it\/ilnuovoletimbro\/2026\/04\/25\/varazze-il-dietro-le-quinte-del-corteo-storico-di-santa-caterina\/","title":{"rendered":"Varazze, il &#8220;dietro le quinte&#8221; del corteo storico di santa Caterina"},"content":{"rendered":"<p>A 650 anni dal passaggio di <strong>santa Caterina da Siena<\/strong> da Varazze domenica 26 aprile dalle ore 15:30 la citt\u00e0 ligure celebrer\u00e0 la sua patrona con il consueto <strong>corteo storico<\/strong>, a cura dell\u2019Associazione Culturale Sacre Rappresentazioni di Caterina da Siena. Per entrare nel cuore pi\u00f9 spettacolare e partecipato delle celebrazioni, quello legato alla rievocazione storica, abbiamo incontrato <strong>Bianca Caniggia<\/strong>, coordinatrice del corteo, uno degli appuntamenti pi\u00f9 attesi del programma.<\/p>\n<p>Tra costumi d\u2019epoca, scenografie e il coinvolgimento dei rioni, l&#8217;evento rappresenta un momento capace di unire tradizione, fede e partecipazione popolare, restituendo alla citt\u00e0 un\u2019immagine viva della propria storia. Con lei abbiamo approfondito il lavoro che si cela dietro il corteo storico e il significato che assume oggi per la comunit\u00e0.<\/p>\n<p><strong>Cosa significa coordinare un evento cos\u00ec importante?<\/strong><br \/>\n&#8220;\u00c8 una grande responsabilit\u00e0 che mi \u00e8 stata affidata dai due esponenti storici <strong>Giuseppe Massone<\/strong>, per la parte storica, storiografica e culturale, e <strong>Anita Vallino<\/strong>, per quella artistica (costumi, scenografie, recitazione). Grazie a loro la rappresentazione sacra ha ottenuto il formato attuale e sempre a loro il merito di averlo saputo codificare in una tradizione tutt\u2019oggi presente. L\u2019onore e l&#8217;onere di coordinare questo evento \u00e8 sia un atto di devozione per la santa sia un atto di riconoscenza e affetto per queste due persone che per me sono state maestri e amici.&#8221;<\/p>\n<p><strong>Quanto \u00e8 fedele il corteo agli eventi del 1376?<\/strong><br \/>\n&#8220;Gli eventi che rappresentiamo sono ricreati da documentazione cartacea e rintracciabili anche presso l\u2019archivio storico della citt\u00e0 di Varazze.&#8221;<\/p>\n<p><strong>Quali momenti del passaggio di santa Caterina da Siena vengono rappresentati?<\/strong><br \/>\n&#8220;Alcuni degli eventi pi\u00f9 significativi della vita della santa, scelti tra i tanti possibili, con due che riguardano nello specifico Varazze: il miracolo della guarigione dalla <strong>peste<\/strong> di una bambina e quello in cui la &#8216;Mantellata Senese&#8217; indica ai cittadini riconoscenti il luogo dove edificare un santuario dedicato alla SS. Trinit\u00e0, affinch\u00e9 non tornasse pi\u00f9 il flagello della peste. In aggiunta chiese l\u2019edificazione di un convento per i <strong>domenicani<\/strong>, essendo il nostro borgo la terra natale del beato Jacopo.&#8221;<\/p>\n<p><strong>Come si \u00e8 evoluto negli anni il corteo?<\/strong><br \/>\n&#8220;Nasce come rappresentazione sacra, svolta in piazza, che poi si muoveva verso luoghi dove si ripetevano le scene. La modifica pi\u00f9 importante \u00e8 il passaggio da un evento vissuto da ragazzini dai 10 ai 14 anni circa ad un sistema in cui ognuno possiede un ruolo. Oggi i <strong>figuranti<\/strong> sono persone di tutte le et\u00e0, che interpretano a secondo dell&#8217;occasione un anziano, un bimbo, una guardia. C\u2019\u00e8 spazio per tutti, posta la buona volont\u00e0. Nel 1998 \u00e8 stato introdotto un gruppo in cui \u00e8 rappresentato il <strong>beato Jacopo da Varagine<\/strong> nell\u2019atto di portare la pace tra le fazioni genovesi in lotta. Ci\u00f2 per ricordare che se santa Caterina \u00e8 passata da Varazze \u00e8 in riconoscenza dell\u2019autore della &#8216;Legenda Aurea&#8217;.&#8221;<\/p>\n<p><strong>Quante persone sono coinvolte nella preparazione?<\/strong><br \/>\n&#8220;Sul piano organizzativo parliamo di circa 50 persone, invece per il numero dei figuranti e delle persone interessate a vario titolo superiamo le 500 unit\u00e0.&#8221;<\/p>\n<p><strong>In che modo il corteo coinvolge le nuove generazioni?<\/strong><br \/>\n&#8220;\u00c8 una tradizione importante che vede sempre una notevole partecipazione di pubblico locale e non, incuriosito dalla rappresentazione in s\u00e9 ma anche dai costumi e dalla possibilit\u00e0 di vedere parenti e amici impegnanti. Si tratta anche di un momento di aggregazione, molti dei figuranti sono storicamente legati al gruppo di appartenenza nel corso di diversi anni. Non \u00e8 inusuale che i figli dei &#8216;vecchi&#8217; figuranti seguano le loro orme.&#8221;<\/p>\n<p><strong>Un momento particolare che l\u2019ha emozionata?<\/strong><br \/>\n&#8220;In generale \u00e8 difficile non emozionarsi, anche dopo tanti anni, nel rivedere queste rappresentazioni ritornare per le nostre strade. Sono tanti i ricordi e le emozioni. Nel gruppo del miracolo della bambina guarita dalla peste inizialmente si andava ad usare un bambolotto. Un anno ho avuto la fortuna di avere io stessa una bimba molto piccola: insieme abbiamo recitato la scena in cui santa Caterina libera la bambina dalla peste per la prima volta con attori reali. La bambina \u00e8 stata brava a recitare e tanta fu l\u2019emozione di tutti noi, che davvero molti nel pubblico, come Anita Vallino, si sono sinceramente commossi.&#8221;<\/p>\n<p><strong>Che futuro vede per l&#8217;iniziativa?<\/strong><br \/>\n&#8220;Il mio augurio \u00e8 che, grazie ai nuovi giovani capogruppo subentrati negli anni, sia possibile continuare questa tradizione che certamente richiede tempo e impegno. Spero sinceramente che rimanga impressa l\u2019impronta che abbiamo voluto dare alla rappresentazione sacra. Sono fermamente convinta che non debba mai mancare l\u2019essenziale: l\u2019amore per santa Caterina. \u00c8 il vero &#8216;carburante&#8217; che ci ha portato dove siamo oggi. Il corteo storico resta uno dei simboli pi\u00f9 vivi di Varazze, capace di unire generazioni nel segno della tradizione e della devozione.&#8221;<\/p>\n","protected":false},"excerpt":{"rendered":"<p>A 650 anni dal passaggio di santa Caterina da Siena da Varazze domenica 26 aprile dalle ore 15:30 la citt\u00e0 ligure celebrer\u00e0 la sua patrona con il consueto corteo storico, a cura dell\u2019Associazione Culturale Sacre Rappresentazioni di Caterina da Siena. Per entrare nel cuore pi\u00f9 spettacolare e partecipato delle celebrazioni, quello legato alla rievocazione storica, [&hellip;]<\/p>\n","protected":false},"author":0,"featured_media":657,"comment_status":"closed","ping_status":"open","sticky":false,"template":"","format":"link","meta":{"_acf_changed":false,"footnotes":""},"categories":[69,37],"tags":[71,70,72],"class_list":["post-625","post","type-post","status-publish","format-link","has-post-thumbnail","hentry","category-eventi","category-notizie","tag-bianca-caniggia","tag-corteo-santa-caterina-varazze","tag-festa-santa-caterina-varazze","post_format-post-format-link"],"acf":[],"yoast_head":"<!-- This site is optimized with the Yoast SEO plugin v22.3 - https:\/\/yoast.com\/wordpress\/plugins\/seo\/ -->\n<title>Varazze, il &quot;dietro le quinte&quot; del corteo storico di santa Caterina - Il Nuovo Letimbro<\/title>\n<meta name=\"description\" content=\"A Varazze il corteo storico di santa Caterina unisce tradizione e comunit\u00e0: la coordinatrice Bianca Caniggia ne racconta il valore\" \/>\n<meta name=\"robots\" content=\"index, follow, max-snippet:-1, max-image-preview:large, max-video-preview:-1\" \/>\n<link rel=\"canonical\" href=\"https:\/\/chiesasavona.it\/ilnuovoletimbro\/2026\/04\/25\/varazze-il-dietro-le-quinte-del-corteo-storico-di-santa-caterina\/\" \/>\n<meta property=\"og:locale\" content=\"it_IT\" \/>\n<meta property=\"og:type\" content=\"article\" \/>\n<meta property=\"og:title\" content=\"Varazze, il &quot;dietro le quinte&quot; del corteo storico di santa Caterina - Il Nuovo Letimbro\" \/>\n<meta property=\"og:description\" content=\"A Varazze il corteo storico di santa Caterina unisce tradizione e comunit\u00e0: la coordinatrice Bianca Caniggia ne racconta il valore\" \/>\n<meta property=\"og:url\" content=\"https:\/\/chiesasavona.it\/ilnuovoletimbro\/2026\/04\/25\/varazze-il-dietro-le-quinte-del-corteo-storico-di-santa-caterina\/\" \/>\n<meta property=\"og:site_name\" content=\"Il Nuovo Letimbro\" \/>\n<meta property=\"article:published_time\" content=\"2026-04-25T07:54:15+00:00\" \/>\n<meta property=\"article:modified_time\" content=\"2026-04-26T11:13:52+00:00\" \/>\n<meta property=\"og:image\" content=\"http:\/\/chiesasavona.it\/ilnuovoletimbro\/wp-content\/uploads\/sites\/4\/2026\/04\/Varazze-corteo-santa-Caterina-2024-01.jpg\" \/>\n\t<meta property=\"og:image:width\" content=\"1024\" \/>\n\t<meta property=\"og:image:height\" content=\"683\" \/>\n\t<meta property=\"og:image:type\" content=\"image\/jpeg\" \/>\n<meta name=\"author\" content=\"Lorenzo Bisio\" \/>\n<meta name=\"twitter:card\" content=\"summary_large_image\" \/>\n<meta name=\"twitter:label1\" content=\"Written by\" \/>\n\t<meta name=\"twitter:data1\" content=\"\" \/>\n\t<meta name=\"twitter:label2\" content=\"Est. reading time\" \/>\n\t<meta name=\"twitter:data2\" content=\"5 minuti\" \/>\n<script type=\"application\/ld+json\" class=\"yoast-schema-graph\">{\"@context\":\"https:\/\/schema.org\",\"@graph\":[{\"@type\":\"Article\",\"@id\":\"https:\/\/chiesasavona.it\/ilnuovoletimbro\/2026\/04\/25\/varazze-il-dietro-le-quinte-del-corteo-storico-di-santa-caterina\/#article\",\"isPartOf\":{\"@id\":\"https:\/\/chiesasavona.it\/ilnuovoletimbro\/2026\/04\/25\/varazze-il-dietro-le-quinte-del-corteo-storico-di-santa-caterina\/\"},\"author\":{\"name\":\"Lorenzo Bisio\",\"@id\":\"https:\/\/chiesasavona.it\/ilnuovoletimbro\/#\/schema\/person\/1963e21015768efde086b36334ddc143\"},\"headline\":\"Varazze, il &#8220;dietro le quinte&#8221; del corteo storico di santa Caterina\",\"datePublished\":\"2026-04-25T07:54:15+00:00\",\"dateModified\":\"2026-04-26T11:13:52+00:00\",\"mainEntityOfPage\":{\"@id\":\"https:\/\/chiesasavona.it\/ilnuovoletimbro\/2026\/04\/25\/varazze-il-dietro-le-quinte-del-corteo-storico-di-santa-caterina\/\"},\"wordCount\":774,\"publisher\":{\"@id\":\"https:\/\/chiesasavona.it\/ilnuovoletimbro\/#organization\"},\"image\":{\"@id\":\"https:\/\/chiesasavona.it\/ilnuovoletimbro\/2026\/04\/25\/varazze-il-dietro-le-quinte-del-corteo-storico-di-santa-caterina\/#primaryimage\"},\"thumbnailUrl\":\"https:\/\/chiesasavona.it\/ilnuovoletimbro\/wp-content\/uploads\/sites\/4\/2026\/04\/Varazze-corteo-santa-Caterina-2024-01.jpg\",\"keywords\":[\"bianca caniggia\",\"corteo santa caterina varazze\",\"festa santa caterina varazze\"],\"articleSection\":[\"Eventi\",\"Notizie\"],\"inLanguage\":\"it-IT\"},{\"@type\":\"WebPage\",\"@id\":\"https:\/\/chiesasavona.it\/ilnuovoletimbro\/2026\/04\/25\/varazze-il-dietro-le-quinte-del-corteo-storico-di-santa-caterina\/\",\"url\":\"https:\/\/chiesasavona.it\/ilnuovoletimbro\/2026\/04\/25\/varazze-il-dietro-le-quinte-del-corteo-storico-di-santa-caterina\/\",\"name\":\"Varazze, il \\\"dietro le quinte\\\" del corteo storico di santa Caterina - Il Nuovo Letimbro\",\"isPartOf\":{\"@id\":\"https:\/\/chiesasavona.it\/ilnuovoletimbro\/#website\"},\"primaryImageOfPage\":{\"@id\":\"https:\/\/chiesasavona.it\/ilnuovoletimbro\/2026\/04\/25\/varazze-il-dietro-le-quinte-del-corteo-storico-di-santa-caterina\/#primaryimage\"},\"image\":{\"@id\":\"https:\/\/chiesasavona.it\/ilnuovoletimbro\/2026\/04\/25\/varazze-il-dietro-le-quinte-del-corteo-storico-di-santa-caterina\/#primaryimage\"},\"thumbnailUrl\":\"https:\/\/chiesasavona.it\/ilnuovoletimbro\/wp-content\/uploads\/sites\/4\/2026\/04\/Varazze-corteo-santa-Caterina-2024-01.jpg\",\"datePublished\":\"2026-04-25T07:54:15+00:00\",\"dateModified\":\"2026-04-26T11:13:52+00:00\",\"description\":\"A Varazze il corteo storico di santa Caterina unisce tradizione e comunit\u00e0: la coordinatrice Bianca Caniggia ne racconta il valore\",\"breadcrumb\":{\"@id\":\"https:\/\/chiesasavona.it\/ilnuovoletimbro\/2026\/04\/25\/varazze-il-dietro-le-quinte-del-corteo-storico-di-santa-caterina\/#breadcrumb\"},\"inLanguage\":\"it-IT\",\"potentialAction\":[{\"@type\":\"ReadAction\",\"target\":[\"https:\/\/chiesasavona.it\/ilnuovoletimbro\/2026\/04\/25\/varazze-il-dietro-le-quinte-del-corteo-storico-di-santa-caterina\/\"]}]},{\"@type\":\"ImageObject\",\"inLanguage\":\"it-IT\",\"@id\":\"https:\/\/chiesasavona.it\/ilnuovoletimbro\/2026\/04\/25\/varazze-il-dietro-le-quinte-del-corteo-storico-di-santa-caterina\/#primaryimage\",\"url\":\"https:\/\/chiesasavona.it\/ilnuovoletimbro\/wp-content\/uploads\/sites\/4\/2026\/04\/Varazze-corteo-santa-Caterina-2024-01.jpg\",\"contentUrl\":\"https:\/\/chiesasavona.it\/ilnuovoletimbro\/wp-content\/uploads\/sites\/4\/2026\/04\/Varazze-corteo-santa-Caterina-2024-01.jpg\",\"width\":1024,\"height\":683,\"caption\":\"Il corteo storico per la festa di santa Caterina da Siena a Varazze (foto: Enzo Pugno)\"},{\"@type\":\"BreadcrumbList\",\"@id\":\"https:\/\/chiesasavona.it\/ilnuovoletimbro\/2026\/04\/25\/varazze-il-dietro-le-quinte-del-corteo-storico-di-santa-caterina\/#breadcrumb\",\"itemListElement\":[{\"@type\":\"ListItem\",\"position\":1,\"name\":\"Home\",\"item\":\"https:\/\/chiesasavona.it\/ilnuovoletimbro\/\"},{\"@type\":\"ListItem\",\"position\":2,\"name\":\"Varazze, il &#8220;dietro le quinte&#8221; del corteo storico di santa Caterina\"}]},{\"@type\":\"WebSite\",\"@id\":\"https:\/\/chiesasavona.it\/ilnuovoletimbro\/#website\",\"url\":\"https:\/\/chiesasavona.it\/ilnuovoletimbro\/\",\"name\":\"Il Nuovo Letimbro\",\"description\":\"\",\"publisher\":{\"@id\":\"https:\/\/chiesasavona.it\/ilnuovoletimbro\/#organization\"},\"potentialAction\":[{\"@type\":\"SearchAction\",\"target\":{\"@type\":\"EntryPoint\",\"urlTemplate\":\"https:\/\/chiesasavona.it\/ilnuovoletimbro\/?s={search_term_string}\"},\"query-input\":\"required name=search_term_string\"}],\"inLanguage\":\"it-IT\"},{\"@type\":\"Organization\",\"@id\":\"https:\/\/chiesasavona.it\/ilnuovoletimbro\/#organization\",\"name\":\"il Nuovo Letimbro\",\"url\":\"https:\/\/chiesasavona.it\/ilnuovoletimbro\/\",\"logo\":{\"@type\":\"ImageObject\",\"inLanguage\":\"it-IT\",\"@id\":\"https:\/\/chiesasavona.it\/ilnuovoletimbro\/#\/schema\/logo\/image\/\",\"url\":\"https:\/\/chiesasavona.it\/ilnuovoletimbro\/wp-content\/uploads\/sites\/4\/2026\/03\/il-nuovo-letimbro.png\",\"contentUrl\":\"https:\/\/chiesasavona.it\/ilnuovoletimbro\/wp-content\/uploads\/sites\/4\/2026\/03\/il-nuovo-letimbro.png\",\"width\":623,\"height\":623,\"caption\":\"il Nuovo Letimbro\"},\"image\":{\"@id\":\"https:\/\/chiesasavona.it\/ilnuovoletimbro\/#\/schema\/logo\/image\/\"}}]}<\/script>\n<!-- \/ Yoast SEO plugin. -->","yoast_head_json":{"title":"Varazze, il \"dietro le quinte\" del corteo storico di santa Caterina - Il Nuovo Letimbro","description":"A Varazze il corteo storico di santa Caterina unisce tradizione e comunit\u00e0: la coordinatrice Bianca Caniggia ne racconta il valore","robots":{"index":"index","follow":"follow","max-snippet":"max-snippet:-1","max-image-preview":"max-image-preview:large","max-video-preview":"max-video-preview:-1"},"canonical":"https:\/\/chiesasavona.it\/ilnuovoletimbro\/2026\/04\/25\/varazze-il-dietro-le-quinte-del-corteo-storico-di-santa-caterina\/","og_locale":"it_IT","og_type":"article","og_title":"Varazze, il \"dietro le quinte\" del corteo storico di santa Caterina - Il Nuovo Letimbro","og_description":"A Varazze il corteo storico di santa Caterina unisce tradizione e comunit\u00e0: la coordinatrice Bianca Caniggia ne racconta il valore","og_url":"https:\/\/chiesasavona.it\/ilnuovoletimbro\/2026\/04\/25\/varazze-il-dietro-le-quinte-del-corteo-storico-di-santa-caterina\/","og_site_name":"Il Nuovo Letimbro","article_published_time":"2026-04-25T07:54:15+00:00","article_modified_time":"2026-04-26T11:13:52+00:00","og_image":[{"width":1024,"height":683,"url":"http:\/\/chiesasavona.it\/ilnuovoletimbro\/wp-content\/uploads\/sites\/4\/2026\/04\/Varazze-corteo-santa-Caterina-2024-01.jpg","type":"image\/jpeg"}],"author":"Lorenzo Bisio","twitter_card":"summary_large_image","twitter_misc":{"Written by":"","Est. reading time":"5 minuti"},"schema":{"@context":"https:\/\/schema.org","@graph":[{"@type":"Article","@id":"https:\/\/chiesasavona.it\/ilnuovoletimbro\/2026\/04\/25\/varazze-il-dietro-le-quinte-del-corteo-storico-di-santa-caterina\/#article","isPartOf":{"@id":"https:\/\/chiesasavona.it\/ilnuovoletimbro\/2026\/04\/25\/varazze-il-dietro-le-quinte-del-corteo-storico-di-santa-caterina\/"},"author":{"name":"Lorenzo Bisio","@id":"https:\/\/chiesasavona.it\/ilnuovoletimbro\/#\/schema\/person\/1963e21015768efde086b36334ddc143"},"headline":"Varazze, il &#8220;dietro le quinte&#8221; del corteo storico di santa Caterina","datePublished":"2026-04-25T07:54:15+00:00","dateModified":"2026-04-26T11:13:52+00:00","mainEntityOfPage":{"@id":"https:\/\/chiesasavona.it\/ilnuovoletimbro\/2026\/04\/25\/varazze-il-dietro-le-quinte-del-corteo-storico-di-santa-caterina\/"},"wordCount":774,"publisher":{"@id":"https:\/\/chiesasavona.it\/ilnuovoletimbro\/#organization"},"image":{"@id":"https:\/\/chiesasavona.it\/ilnuovoletimbro\/2026\/04\/25\/varazze-il-dietro-le-quinte-del-corteo-storico-di-santa-caterina\/#primaryimage"},"thumbnailUrl":"https:\/\/chiesasavona.it\/ilnuovoletimbro\/wp-content\/uploads\/sites\/4\/2026\/04\/Varazze-corteo-santa-Caterina-2024-01.jpg","keywords":["bianca caniggia","corteo santa caterina varazze","festa santa caterina varazze"],"articleSection":["Eventi","Notizie"],"inLanguage":"it-IT"},{"@type":"WebPage","@id":"https:\/\/chiesasavona.it\/ilnuovoletimbro\/2026\/04\/25\/varazze-il-dietro-le-quinte-del-corteo-storico-di-santa-caterina\/","url":"https:\/\/chiesasavona.it\/ilnuovoletimbro\/2026\/04\/25\/varazze-il-dietro-le-quinte-del-corteo-storico-di-santa-caterina\/","name":"Varazze, il \"dietro le quinte\" del corteo storico di santa Caterina - Il Nuovo Letimbro","isPartOf":{"@id":"https:\/\/chiesasavona.it\/ilnuovoletimbro\/#website"},"primaryImageOfPage":{"@id":"https:\/\/chiesasavona.it\/ilnuovoletimbro\/2026\/04\/25\/varazze-il-dietro-le-quinte-del-corteo-storico-di-santa-caterina\/#primaryimage"},"image":{"@id":"https:\/\/chiesasavona.it\/ilnuovoletimbro\/2026\/04\/25\/varazze-il-dietro-le-quinte-del-corteo-storico-di-santa-caterina\/#primaryimage"},"thumbnailUrl":"https:\/\/chiesasavona.it\/ilnuovoletimbro\/wp-content\/uploads\/sites\/4\/2026\/04\/Varazze-corteo-santa-Caterina-2024-01.jpg","datePublished":"2026-04-25T07:54:15+00:00","dateModified":"2026-04-26T11:13:52+00:00","description":"A Varazze il corteo storico di santa Caterina unisce tradizione e comunit\u00e0: la coordinatrice Bianca Caniggia ne racconta il valore","breadcrumb":{"@id":"https:\/\/chiesasavona.it\/ilnuovoletimbro\/2026\/04\/25\/varazze-il-dietro-le-quinte-del-corteo-storico-di-santa-caterina\/#breadcrumb"},"inLanguage":"it-IT","potentialAction":[{"@type":"ReadAction","target":["https:\/\/chiesasavona.it\/ilnuovoletimbro\/2026\/04\/25\/varazze-il-dietro-le-quinte-del-corteo-storico-di-santa-caterina\/"]}]},{"@type":"ImageObject","inLanguage":"it-IT","@id":"https:\/\/chiesasavona.it\/ilnuovoletimbro\/2026\/04\/25\/varazze-il-dietro-le-quinte-del-corteo-storico-di-santa-caterina\/#primaryimage","url":"https:\/\/chiesasavona.it\/ilnuovoletimbro\/wp-content\/uploads\/sites\/4\/2026\/04\/Varazze-corteo-santa-Caterina-2024-01.jpg","contentUrl":"https:\/\/chiesasavona.it\/ilnuovoletimbro\/wp-content\/uploads\/sites\/4\/2026\/04\/Varazze-corteo-santa-Caterina-2024-01.jpg","width":1024,"height":683,"caption":"Il corteo storico per la festa di santa Caterina da Siena a Varazze (foto: Enzo Pugno)"},{"@type":"BreadcrumbList","@id":"https:\/\/chiesasavona.it\/ilnuovoletimbro\/2026\/04\/25\/varazze-il-dietro-le-quinte-del-corteo-storico-di-santa-caterina\/#breadcrumb","itemListElement":[{"@type":"ListItem","position":1,"name":"Home","item":"https:\/\/chiesasavona.it\/ilnuovoletimbro\/"},{"@type":"ListItem","position":2,"name":"Varazze, il &#8220;dietro le quinte&#8221; del corteo storico di santa Caterina"}]},{"@type":"WebSite","@id":"https:\/\/chiesasavona.it\/ilnuovoletimbro\/#website","url":"https:\/\/chiesasavona.it\/ilnuovoletimbro\/","name":"Il Nuovo Letimbro","description":"","publisher":{"@id":"https:\/\/chiesasavona.it\/ilnuovoletimbro\/#organization"},"potentialAction":[{"@type":"SearchAction","target":{"@type":"EntryPoint","urlTemplate":"https:\/\/chiesasavona.it\/ilnuovoletimbro\/?s={search_term_string}"},"query-input":"required name=search_term_string"}],"inLanguage":"it-IT"},{"@type":"Organization","@id":"https:\/\/chiesasavona.it\/ilnuovoletimbro\/#organization","name":"il Nuovo Letimbro","url":"https:\/\/chiesasavona.it\/ilnuovoletimbro\/","logo":{"@type":"ImageObject","inLanguage":"it-IT","@id":"https:\/\/chiesasavona.it\/ilnuovoletimbro\/#\/schema\/logo\/image\/","url":"https:\/\/chiesasavona.it\/ilnuovoletimbro\/wp-content\/uploads\/sites\/4\/2026\/03\/il-nuovo-letimbro.png","contentUrl":"https:\/\/chiesasavona.it\/ilnuovoletimbro\/wp-content\/uploads\/sites\/4\/2026\/03\/il-nuovo-letimbro.png","width":623,"height":623,"caption":"il Nuovo Letimbro"},"image":{"@id":"https:\/\/chiesasavona.it\/ilnuovoletimbro\/#\/schema\/logo\/image\/"}}]}},"_links":{"self":[{"href":"https:\/\/chiesasavona.it\/ilnuovoletimbro\/wp-json\/wp\/v2\/posts\/625","targetHints":{"allow":["GET"]}}],"collection":[{"href":"https:\/\/chiesasavona.it\/ilnuovoletimbro\/wp-json\/wp\/v2\/posts"}],"about":[{"href":"https:\/\/chiesasavona.it\/ilnuovoletimbro\/wp-json\/wp\/v2\/types\/post"}],"author":[{"embeddable":true,"href":"https:\/\/chiesasavona.it\/ilnuovoletimbro\/wp-json\/wp\/v2\/users\/9"}],"replies":[{"embeddable":true,"href":"https:\/\/chiesasavona.it\/ilnuovoletimbro\/wp-json\/wp\/v2\/comments?post=625"}],"version-history":[{"count":11,"href":"https:\/\/chiesasavona.it\/ilnuovoletimbro\/wp-json\/wp\/v2\/posts\/625\/revisions"}],"predecessor-version":[{"id":660,"href":"https:\/\/chiesasavona.it\/ilnuovoletimbro\/wp-json\/wp\/v2\/posts\/625\/revisions\/660"}],"wp:featuredmedia":[{"embeddable":true,"href":"https:\/\/chiesasavona.it\/ilnuovoletimbro\/wp-json\/wp\/v2\/media\/657"}],"wp:attachment":[{"href":"https:\/\/chiesasavona.it\/ilnuovoletimbro\/wp-json\/wp\/v2\/media?parent=625"}],"wp:term":[{"taxonomy":"category","embeddable":true,"href":"https:\/\/chiesasavona.it\/ilnuovoletimbro\/wp-json\/wp\/v2\/categories?post=625"},{"taxonomy":"post_tag","embeddable":true,"href":"https:\/\/chiesasavona.it\/ilnuovoletimbro\/wp-json\/wp\/v2\/tags?post=625"}],"curies":[{"name":"wp","href":"https:\/\/api.w.org\/{rel}","templated":true}]}}