{"id":676,"date":"2026-04-28T11:19:34","date_gmt":"2026-04-28T09:19:34","guid":{"rendered":"https:\/\/chiesasavona.it\/ilnuovoletimbro\/?p=676"},"modified":"2026-04-28T18:36:41","modified_gmt":"2026-04-28T16:36:41","slug":"sanda-dopo-2-anni-la-cassa-di-s-giorgio-e-tornata-in-processione","status":"publish","type":"post","link":"https:\/\/chiesasavona.it\/ilnuovoletimbro\/2026\/04\/28\/sanda-dopo-2-anni-la-cassa-di-s-giorgio-e-tornata-in-processione\/","title":{"rendered":"Sanda, dopo 2 anni la &#8220;cassa&#8221; di s. Giorgio \u00e8 tornata in processione"},"content":{"rendered":"<p><strong>Celle Ligure<\/strong>. Dopo due anni di assenza la &#8220;cassa&#8221; processionale di san Giorgio \u00e8 tornata ad essere portata in trionfo per le strade di Sanda. Nella piccola frazione la Parrocchia di San Giorgio Martire \u00e8 una delle tante minuscole realt\u00e0 diocesane che tiene ancora vive le tradizioni. Per ragioni logistiche la ricorrenza di san Giorgio si \u00e8 sovrapposta alle celebrazioni civili della Festa della Liberazione, anzich\u00e9 rimanere ancorata al proprio giorno del 23 aprile, tuttavia ci\u00f2 ha permesso una maggiore presenza di fedeli e volontari.<\/p>\n<p>La messa \u00e8 stata presieduta da padre Renzo Zambotti della comunit\u00e0 dei frati dehoniani del Santuario della Pace di Albisola Superiore, insieme al parroco di Celle Ligure e Sanda don Silvester Soosai, e si \u00e8 svolta con raccoglimento e partecipazione della popolazione locale. Viva la commozione anche per l&#8217;uscita della statua, ancora una volta portata a spalle da numerosi volontari, alcuni dei quali venuti anche da paesi o regioni limitrofi, e prossimamente oggetto di restauro grazie ad un contributo della Fondazione De Mari.<\/p>\n<p>Ormai storico appuntamento per tanti, la festa di san Giorgio \u00e8 un momento d&#8217;incontro fra le generazioni: tanti sono i partecipanti animati da sincera devozione per il santo. Vitale l&#8217;apporto delle confraternite di zona, come quella di San Michele Arcangelo di Celle Ligure, che ha messo a disposizione i propri &#8220;cristezzanti&#8221; per portare in processione il pregevole e antico Cristo di casa. Tante le persone impegnate a curare ogni aspetto della festa: dalla liturgia alla convivialit\u00e0, dalla preparazione degli addobbi alla gestione delle attivit\u00e0 benefiche.<\/p>\n<p><iframe loading=\"lazy\" src=\"https:\/\/www.facebook.com\/plugins\/post.php?href=https%3A%2F%2Fwww.facebook.com%2FIlLetimbro%2Fposts%2Fpfbid04upiiKWc1mEG6HUJddsj1tpgTugjizwyP42SmsNUBDA7Ujb3mU1NTiMqTwcE5PXpl&#038;show_text=true&#038;width=500\" width=\"500\" height=\"581\" style=\"border:none;overflow:hidden\" scrolling=\"no\" frameborder=\"0\" allowfullscreen=\"true\" allow=\"autoplay; clipboard-write; encrypted-media; picture-in-picture; web-share\"><\/iframe><\/p>\n","protected":false},"excerpt":{"rendered":"<p>Celle Ligure. Dopo due anni di assenza la &#8220;cassa&#8221; processionale di san Giorgio \u00e8 tornata ad essere portata in trionfo per le strade di Sanda. Nella piccola frazione la Parrocchia di San Giorgio Martire \u00e8 una delle tante minuscole realt\u00e0 diocesane che tiene ancora vive le tradizioni. Per ragioni logistiche la ricorrenza di san Giorgio [&hellip;]<\/p>\n","protected":false},"author":0,"featured_media":703,"comment_status":"closed","ping_status":"open","sticky":false,"template":"","format":"standard","meta":{"_acf_changed":false,"footnotes":""},"categories":[37,64],"tags":[86,88,87],"class_list":["post-676","post","type-post","status-publish","format-standard","has-post-thumbnail","hentry","category-notizie","category-parrocchie","tag-festa-san-giorgio-sanda","tag-parrocchia-san-giorgio-sanda","tag-processione-san-giorgio-sanda"],"acf":[],"yoast_head":"<!-- This site is optimized with the Yoast SEO plugin v22.3 - https:\/\/yoast.com\/wordpress\/plugins\/seo\/ -->\n<title>Sanda, dopo 2 anni la &quot;cassa&quot; di s. Giorgio \u00e8 tornata in processione - Il Nuovo Letimbro<\/title>\n<meta name=\"description\" content=\"La messa \u00e8 stata presieduta dal dehoniano padre Renzo Zambotti insieme al parroco di Celle Ligure e Sanda don Silvester Soosai\" \/>\n<meta name=\"robots\" content=\"index, follow, max-snippet:-1, max-image-preview:large, max-video-preview:-1\" \/>\n<link rel=\"canonical\" href=\"https:\/\/chiesasavona.it\/ilnuovoletimbro\/2026\/04\/28\/sanda-dopo-2-anni-la-cassa-di-s-giorgio-e-tornata-in-processione\/\" \/>\n<meta property=\"og:locale\" content=\"it_IT\" \/>\n<meta property=\"og:type\" content=\"article\" \/>\n<meta property=\"og:title\" content=\"Sanda, dopo 2 anni la &quot;cassa&quot; di s. Giorgio \u00e8 tornata in processione - Il Nuovo Letimbro\" \/>\n<meta property=\"og:description\" content=\"La messa \u00e8 stata presieduta dal dehoniano padre Renzo Zambotti insieme al parroco di Celle Ligure e Sanda don Silvester Soosai\" \/>\n<meta property=\"og:url\" content=\"https:\/\/chiesasavona.it\/ilnuovoletimbro\/2026\/04\/28\/sanda-dopo-2-anni-la-cassa-di-s-giorgio-e-tornata-in-processione\/\" \/>\n<meta property=\"og:site_name\" content=\"Il Nuovo Letimbro\" \/>\n<meta property=\"article:published_time\" content=\"2026-04-28T09:19:34+00:00\" \/>\n<meta property=\"article:modified_time\" content=\"2026-04-28T16:36:41+00:00\" \/>\n<meta property=\"og:image\" content=\"http:\/\/chiesasavona.it\/ilnuovoletimbro\/wp-content\/uploads\/sites\/4\/2026\/04\/Sanda-festa-san-Giorgio-2026-01.jpg\" \/>\n\t<meta property=\"og:image:width\" content=\"1280\" \/>\n\t<meta property=\"og:image:height\" content=\"721\" \/>\n\t<meta property=\"og:image:type\" content=\"image\/jpeg\" \/>\n<meta name=\"author\" content=\"Luca T.\" \/>\n<meta name=\"twitter:card\" content=\"summary_large_image\" \/>\n<meta name=\"twitter:label1\" content=\"Written by\" \/>\n\t<meta name=\"twitter:data1\" content=\"\" \/>\n\t<meta name=\"twitter:label2\" content=\"Est. reading time\" \/>\n\t<meta name=\"twitter:data2\" content=\"2 minuti\" \/>\n<script type=\"application\/ld+json\" class=\"yoast-schema-graph\">{\"@context\":\"https:\/\/schema.org\",\"@graph\":[{\"@type\":\"Article\",\"@id\":\"https:\/\/chiesasavona.it\/ilnuovoletimbro\/2026\/04\/28\/sanda-dopo-2-anni-la-cassa-di-s-giorgio-e-tornata-in-processione\/#article\",\"isPartOf\":{\"@id\":\"https:\/\/chiesasavona.it\/ilnuovoletimbro\/2026\/04\/28\/sanda-dopo-2-anni-la-cassa-di-s-giorgio-e-tornata-in-processione\/\"},\"author\":{\"name\":\"Luca T.\",\"@id\":\"https:\/\/chiesasavona.it\/ilnuovoletimbro\/#\/schema\/person\/e225f96a78be6d20d67579f1cac8a164\"},\"headline\":\"Sanda, dopo 2 anni la &#8220;cassa&#8221; di s. Giorgio \u00e8 tornata in processione\",\"datePublished\":\"2026-04-28T09:19:34+00:00\",\"dateModified\":\"2026-04-28T16:36:41+00:00\",\"mainEntityOfPage\":{\"@id\":\"https:\/\/chiesasavona.it\/ilnuovoletimbro\/2026\/04\/28\/sanda-dopo-2-anni-la-cassa-di-s-giorgio-e-tornata-in-processione\/\"},\"wordCount\":260,\"publisher\":{\"@id\":\"https:\/\/chiesasavona.it\/ilnuovoletimbro\/#organization\"},\"image\":{\"@id\":\"https:\/\/chiesasavona.it\/ilnuovoletimbro\/2026\/04\/28\/sanda-dopo-2-anni-la-cassa-di-s-giorgio-e-tornata-in-processione\/#primaryimage\"},\"thumbnailUrl\":\"https:\/\/chiesasavona.it\/ilnuovoletimbro\/wp-content\/uploads\/sites\/4\/2026\/04\/Sanda-festa-san-Giorgio-2026-01.jpg\",\"keywords\":[\"festa san giorgio sanda\",\"parrocchia san giorgio sanda\",\"processione san giorgio sanda\"],\"articleSection\":[\"Notizie\",\"Parrocchie\"],\"inLanguage\":\"it-IT\"},{\"@type\":\"WebPage\",\"@id\":\"https:\/\/chiesasavona.it\/ilnuovoletimbro\/2026\/04\/28\/sanda-dopo-2-anni-la-cassa-di-s-giorgio-e-tornata-in-processione\/\",\"url\":\"https:\/\/chiesasavona.it\/ilnuovoletimbro\/2026\/04\/28\/sanda-dopo-2-anni-la-cassa-di-s-giorgio-e-tornata-in-processione\/\",\"name\":\"Sanda, dopo 2 anni la \\\"cassa\\\" di s. Giorgio \u00e8 tornata in processione - Il Nuovo Letimbro\",\"isPartOf\":{\"@id\":\"https:\/\/chiesasavona.it\/ilnuovoletimbro\/#website\"},\"primaryImageOfPage\":{\"@id\":\"https:\/\/chiesasavona.it\/ilnuovoletimbro\/2026\/04\/28\/sanda-dopo-2-anni-la-cassa-di-s-giorgio-e-tornata-in-processione\/#primaryimage\"},\"image\":{\"@id\":\"https:\/\/chiesasavona.it\/ilnuovoletimbro\/2026\/04\/28\/sanda-dopo-2-anni-la-cassa-di-s-giorgio-e-tornata-in-processione\/#primaryimage\"},\"thumbnailUrl\":\"https:\/\/chiesasavona.it\/ilnuovoletimbro\/wp-content\/uploads\/sites\/4\/2026\/04\/Sanda-festa-san-Giorgio-2026-01.jpg\",\"datePublished\":\"2026-04-28T09:19:34+00:00\",\"dateModified\":\"2026-04-28T16:36:41+00:00\",\"description\":\"La messa \u00e8 stata presieduta dal dehoniano padre Renzo Zambotti insieme al parroco di Celle Ligure e Sanda don Silvester Soosai\",\"breadcrumb\":{\"@id\":\"https:\/\/chiesasavona.it\/ilnuovoletimbro\/2026\/04\/28\/sanda-dopo-2-anni-la-cassa-di-s-giorgio-e-tornata-in-processione\/#breadcrumb\"},\"inLanguage\":\"it-IT\",\"potentialAction\":[{\"@type\":\"ReadAction\",\"target\":[\"https:\/\/chiesasavona.it\/ilnuovoletimbro\/2026\/04\/28\/sanda-dopo-2-anni-la-cassa-di-s-giorgio-e-tornata-in-processione\/\"]}]},{\"@type\":\"ImageObject\",\"inLanguage\":\"it-IT\",\"@id\":\"https:\/\/chiesasavona.it\/ilnuovoletimbro\/2026\/04\/28\/sanda-dopo-2-anni-la-cassa-di-s-giorgio-e-tornata-in-processione\/#primaryimage\",\"url\":\"https:\/\/chiesasavona.it\/ilnuovoletimbro\/wp-content\/uploads\/sites\/4\/2026\/04\/Sanda-festa-san-Giorgio-2026-01.jpg\",\"contentUrl\":\"https:\/\/chiesasavona.it\/ilnuovoletimbro\/wp-content\/uploads\/sites\/4\/2026\/04\/Sanda-festa-san-Giorgio-2026-01.jpg\",\"width\":1280,\"height\":721,\"caption\":\"La festa di san Giorgio Martire a Sanda\"},{\"@type\":\"BreadcrumbList\",\"@id\":\"https:\/\/chiesasavona.it\/ilnuovoletimbro\/2026\/04\/28\/sanda-dopo-2-anni-la-cassa-di-s-giorgio-e-tornata-in-processione\/#breadcrumb\",\"itemListElement\":[{\"@type\":\"ListItem\",\"position\":1,\"name\":\"Home\",\"item\":\"https:\/\/chiesasavona.it\/ilnuovoletimbro\/\"},{\"@type\":\"ListItem\",\"position\":2,\"name\":\"Sanda, dopo 2 anni la &#8220;cassa&#8221; di s. Giorgio \u00e8 tornata in processione\"}]},{\"@type\":\"WebSite\",\"@id\":\"https:\/\/chiesasavona.it\/ilnuovoletimbro\/#website\",\"url\":\"https:\/\/chiesasavona.it\/ilnuovoletimbro\/\",\"name\":\"Il Nuovo Letimbro\",\"description\":\"\",\"publisher\":{\"@id\":\"https:\/\/chiesasavona.it\/ilnuovoletimbro\/#organization\"},\"potentialAction\":[{\"@type\":\"SearchAction\",\"target\":{\"@type\":\"EntryPoint\",\"urlTemplate\":\"https:\/\/chiesasavona.it\/ilnuovoletimbro\/?s={search_term_string}\"},\"query-input\":\"required name=search_term_string\"}],\"inLanguage\":\"it-IT\"},{\"@type\":\"Organization\",\"@id\":\"https:\/\/chiesasavona.it\/ilnuovoletimbro\/#organization\",\"name\":\"il Nuovo Letimbro\",\"url\":\"https:\/\/chiesasavona.it\/ilnuovoletimbro\/\",\"logo\":{\"@type\":\"ImageObject\",\"inLanguage\":\"it-IT\",\"@id\":\"https:\/\/chiesasavona.it\/ilnuovoletimbro\/#\/schema\/logo\/image\/\",\"url\":\"https:\/\/chiesasavona.it\/ilnuovoletimbro\/wp-content\/uploads\/sites\/4\/2026\/03\/il-nuovo-letimbro.png\",\"contentUrl\":\"https:\/\/chiesasavona.it\/ilnuovoletimbro\/wp-content\/uploads\/sites\/4\/2026\/03\/il-nuovo-letimbro.png\",\"width\":623,\"height\":623,\"caption\":\"il Nuovo Letimbro\"},\"image\":{\"@id\":\"https:\/\/chiesasavona.it\/ilnuovoletimbro\/#\/schema\/logo\/image\/\"}}]}<\/script>\n<!-- \/ Yoast SEO plugin. -->","yoast_head_json":{"title":"Sanda, dopo 2 anni la \"cassa\" di s. Giorgio \u00e8 tornata in processione - Il Nuovo Letimbro","description":"La messa \u00e8 stata presieduta dal dehoniano padre Renzo Zambotti insieme al parroco di Celle Ligure e Sanda don Silvester Soosai","robots":{"index":"index","follow":"follow","max-snippet":"max-snippet:-1","max-image-preview":"max-image-preview:large","max-video-preview":"max-video-preview:-1"},"canonical":"https:\/\/chiesasavona.it\/ilnuovoletimbro\/2026\/04\/28\/sanda-dopo-2-anni-la-cassa-di-s-giorgio-e-tornata-in-processione\/","og_locale":"it_IT","og_type":"article","og_title":"Sanda, dopo 2 anni la \"cassa\" di s. Giorgio \u00e8 tornata in processione - Il Nuovo Letimbro","og_description":"La messa \u00e8 stata presieduta dal dehoniano padre Renzo Zambotti insieme al parroco di Celle Ligure e Sanda don Silvester Soosai","og_url":"https:\/\/chiesasavona.it\/ilnuovoletimbro\/2026\/04\/28\/sanda-dopo-2-anni-la-cassa-di-s-giorgio-e-tornata-in-processione\/","og_site_name":"Il Nuovo Letimbro","article_published_time":"2026-04-28T09:19:34+00:00","article_modified_time":"2026-04-28T16:36:41+00:00","og_image":[{"width":1280,"height":721,"url":"http:\/\/chiesasavona.it\/ilnuovoletimbro\/wp-content\/uploads\/sites\/4\/2026\/04\/Sanda-festa-san-Giorgio-2026-01.jpg","type":"image\/jpeg"}],"author":"Luca T.","twitter_card":"summary_large_image","twitter_misc":{"Written by":"","Est. reading time":"2 minuti"},"schema":{"@context":"https:\/\/schema.org","@graph":[{"@type":"Article","@id":"https:\/\/chiesasavona.it\/ilnuovoletimbro\/2026\/04\/28\/sanda-dopo-2-anni-la-cassa-di-s-giorgio-e-tornata-in-processione\/#article","isPartOf":{"@id":"https:\/\/chiesasavona.it\/ilnuovoletimbro\/2026\/04\/28\/sanda-dopo-2-anni-la-cassa-di-s-giorgio-e-tornata-in-processione\/"},"author":{"name":"Luca T.","@id":"https:\/\/chiesasavona.it\/ilnuovoletimbro\/#\/schema\/person\/e225f96a78be6d20d67579f1cac8a164"},"headline":"Sanda, dopo 2 anni la &#8220;cassa&#8221; di s. Giorgio \u00e8 tornata in processione","datePublished":"2026-04-28T09:19:34+00:00","dateModified":"2026-04-28T16:36:41+00:00","mainEntityOfPage":{"@id":"https:\/\/chiesasavona.it\/ilnuovoletimbro\/2026\/04\/28\/sanda-dopo-2-anni-la-cassa-di-s-giorgio-e-tornata-in-processione\/"},"wordCount":260,"publisher":{"@id":"https:\/\/chiesasavona.it\/ilnuovoletimbro\/#organization"},"image":{"@id":"https:\/\/chiesasavona.it\/ilnuovoletimbro\/2026\/04\/28\/sanda-dopo-2-anni-la-cassa-di-s-giorgio-e-tornata-in-processione\/#primaryimage"},"thumbnailUrl":"https:\/\/chiesasavona.it\/ilnuovoletimbro\/wp-content\/uploads\/sites\/4\/2026\/04\/Sanda-festa-san-Giorgio-2026-01.jpg","keywords":["festa san giorgio sanda","parrocchia san giorgio sanda","processione san giorgio sanda"],"articleSection":["Notizie","Parrocchie"],"inLanguage":"it-IT"},{"@type":"WebPage","@id":"https:\/\/chiesasavona.it\/ilnuovoletimbro\/2026\/04\/28\/sanda-dopo-2-anni-la-cassa-di-s-giorgio-e-tornata-in-processione\/","url":"https:\/\/chiesasavona.it\/ilnuovoletimbro\/2026\/04\/28\/sanda-dopo-2-anni-la-cassa-di-s-giorgio-e-tornata-in-processione\/","name":"Sanda, dopo 2 anni la \"cassa\" di s. Giorgio \u00e8 tornata in processione - Il Nuovo Letimbro","isPartOf":{"@id":"https:\/\/chiesasavona.it\/ilnuovoletimbro\/#website"},"primaryImageOfPage":{"@id":"https:\/\/chiesasavona.it\/ilnuovoletimbro\/2026\/04\/28\/sanda-dopo-2-anni-la-cassa-di-s-giorgio-e-tornata-in-processione\/#primaryimage"},"image":{"@id":"https:\/\/chiesasavona.it\/ilnuovoletimbro\/2026\/04\/28\/sanda-dopo-2-anni-la-cassa-di-s-giorgio-e-tornata-in-processione\/#primaryimage"},"thumbnailUrl":"https:\/\/chiesasavona.it\/ilnuovoletimbro\/wp-content\/uploads\/sites\/4\/2026\/04\/Sanda-festa-san-Giorgio-2026-01.jpg","datePublished":"2026-04-28T09:19:34+00:00","dateModified":"2026-04-28T16:36:41+00:00","description":"La messa \u00e8 stata presieduta dal dehoniano padre Renzo Zambotti insieme al parroco di Celle Ligure e Sanda don Silvester Soosai","breadcrumb":{"@id":"https:\/\/chiesasavona.it\/ilnuovoletimbro\/2026\/04\/28\/sanda-dopo-2-anni-la-cassa-di-s-giorgio-e-tornata-in-processione\/#breadcrumb"},"inLanguage":"it-IT","potentialAction":[{"@type":"ReadAction","target":["https:\/\/chiesasavona.it\/ilnuovoletimbro\/2026\/04\/28\/sanda-dopo-2-anni-la-cassa-di-s-giorgio-e-tornata-in-processione\/"]}]},{"@type":"ImageObject","inLanguage":"it-IT","@id":"https:\/\/chiesasavona.it\/ilnuovoletimbro\/2026\/04\/28\/sanda-dopo-2-anni-la-cassa-di-s-giorgio-e-tornata-in-processione\/#primaryimage","url":"https:\/\/chiesasavona.it\/ilnuovoletimbro\/wp-content\/uploads\/sites\/4\/2026\/04\/Sanda-festa-san-Giorgio-2026-01.jpg","contentUrl":"https:\/\/chiesasavona.it\/ilnuovoletimbro\/wp-content\/uploads\/sites\/4\/2026\/04\/Sanda-festa-san-Giorgio-2026-01.jpg","width":1280,"height":721,"caption":"La festa di san Giorgio Martire a Sanda"},{"@type":"BreadcrumbList","@id":"https:\/\/chiesasavona.it\/ilnuovoletimbro\/2026\/04\/28\/sanda-dopo-2-anni-la-cassa-di-s-giorgio-e-tornata-in-processione\/#breadcrumb","itemListElement":[{"@type":"ListItem","position":1,"name":"Home","item":"https:\/\/chiesasavona.it\/ilnuovoletimbro\/"},{"@type":"ListItem","position":2,"name":"Sanda, dopo 2 anni la &#8220;cassa&#8221; di s. Giorgio \u00e8 tornata in processione"}]},{"@type":"WebSite","@id":"https:\/\/chiesasavona.it\/ilnuovoletimbro\/#website","url":"https:\/\/chiesasavona.it\/ilnuovoletimbro\/","name":"Il Nuovo Letimbro","description":"","publisher":{"@id":"https:\/\/chiesasavona.it\/ilnuovoletimbro\/#organization"},"potentialAction":[{"@type":"SearchAction","target":{"@type":"EntryPoint","urlTemplate":"https:\/\/chiesasavona.it\/ilnuovoletimbro\/?s={search_term_string}"},"query-input":"required name=search_term_string"}],"inLanguage":"it-IT"},{"@type":"Organization","@id":"https:\/\/chiesasavona.it\/ilnuovoletimbro\/#organization","name":"il Nuovo Letimbro","url":"https:\/\/chiesasavona.it\/ilnuovoletimbro\/","logo":{"@type":"ImageObject","inLanguage":"it-IT","@id":"https:\/\/chiesasavona.it\/ilnuovoletimbro\/#\/schema\/logo\/image\/","url":"https:\/\/chiesasavona.it\/ilnuovoletimbro\/wp-content\/uploads\/sites\/4\/2026\/03\/il-nuovo-letimbro.png","contentUrl":"https:\/\/chiesasavona.it\/ilnuovoletimbro\/wp-content\/uploads\/sites\/4\/2026\/03\/il-nuovo-letimbro.png","width":623,"height":623,"caption":"il Nuovo Letimbro"},"image":{"@id":"https:\/\/chiesasavona.it\/ilnuovoletimbro\/#\/schema\/logo\/image\/"}}]}},"_links":{"self":[{"href":"https:\/\/chiesasavona.it\/ilnuovoletimbro\/wp-json\/wp\/v2\/posts\/676","targetHints":{"allow":["GET"]}}],"collection":[{"href":"https:\/\/chiesasavona.it\/ilnuovoletimbro\/wp-json\/wp\/v2\/posts"}],"about":[{"href":"https:\/\/chiesasavona.it\/ilnuovoletimbro\/wp-json\/wp\/v2\/types\/post"}],"author":[{"embeddable":true,"href":"https:\/\/chiesasavona.it\/ilnuovoletimbro\/wp-json\/wp\/v2\/users\/7"}],"replies":[{"embeddable":true,"href":"https:\/\/chiesasavona.it\/ilnuovoletimbro\/wp-json\/wp\/v2\/comments?post=676"}],"version-history":[{"count":9,"href":"https:\/\/chiesasavona.it\/ilnuovoletimbro\/wp-json\/wp\/v2\/posts\/676\/revisions"}],"predecessor-version":[{"id":706,"href":"https:\/\/chiesasavona.it\/ilnuovoletimbro\/wp-json\/wp\/v2\/posts\/676\/revisions\/706"}],"wp:featuredmedia":[{"embeddable":true,"href":"https:\/\/chiesasavona.it\/ilnuovoletimbro\/wp-json\/wp\/v2\/media\/703"}],"wp:attachment":[{"href":"https:\/\/chiesasavona.it\/ilnuovoletimbro\/wp-json\/wp\/v2\/media?parent=676"}],"wp:term":[{"taxonomy":"category","embeddable":true,"href":"https:\/\/chiesasavona.it\/ilnuovoletimbro\/wp-json\/wp\/v2\/categories?post=676"},{"taxonomy":"post_tag","embeddable":true,"href":"https:\/\/chiesasavona.it\/ilnuovoletimbro\/wp-json\/wp\/v2\/tags?post=676"}],"curies":[{"name":"wp","href":"https:\/\/api.w.org\/{rel}","templated":true}]}}