{"id":708,"date":"2026-05-02T11:40:11","date_gmt":"2026-05-02T09:40:11","guid":{"rendered":"https:\/\/chiesasavona.it\/ilnuovoletimbro\/?p=708"},"modified":"2026-05-02T11:40:51","modified_gmt":"2026-05-02T09:40:51","slug":"padre-trinchero-rieletto-provinciale-dei-carmelitani-scalzi-liguri","status":"publish","type":"post","link":"https:\/\/chiesasavona.it\/ilnuovoletimbro\/2026\/05\/02\/padre-trinchero-rieletto-provinciale-dei-carmelitani-scalzi-liguri\/","title":{"rendered":"Padre Trinchero rieletto provinciale dei Carmelitani Scalzi liguri"},"content":{"rendered":"<p><iframe loading=\"lazy\" title=\"Padre Federico Trinchero\" width=\"500\" height=\"281\" src=\"https:\/\/www.youtube.com\/embed\/DdW6UyCjikQ?feature=oembed\" frameborder=\"0\" allow=\"accelerometer; autoplay; clipboard-write; encrypted-media; gyroscope; picture-in-picture; web-share\" referrerpolicy=\"strict-origin-when-cross-origin\" allowfullscreen><\/iframe><\/p>\n<p><strong>Bocca di Magra<\/strong> (<strong>La Spezia<\/strong>). Padre <strong>Federico Trinchero<\/strong> della Risurrezione \u00e8 stato eletto superiore della Provincia Ligure dei <strong>Carmelitani Scalzi<\/strong> per un secondo triennio. La sua conferma \u00e8 arrivata durante il Capitolo svoltosi in aprile nel Monastero Santa Croce e che ha impegnato una ventina di frati. Inoltre sono stati eletti consiglieri provinciali i padri Domenico Rossi, Enrico Redaelli e Paolo Arosio e fra Claudio Grana.<\/p>\n<p>Classe 1978, originario di Casale Monferrato, nel suo primo mandato padre Trinchero ha sostituito padre Saverio Gavotto, anch&#8217;egli rimasto in carica per due trienni. Entrato dodicenne nel Seminario di Ges\u00f9 Bambino di Arenzano, nel \u201996 ha intrapreso il noviziato a <strong>Varazze<\/strong> e successivamente ha compiuto la professione solenne ed \u00e8 stato ordinato sacerdote. Per diverso tempo \u00e8 stato formatore e superiore in Repubblica Centrafricana.<\/p>\n<p>&#8220;Spero di portare avanti questo secondo mandato con l&#8217;aiuto dei miei confratelli, com&#8217;\u00e8 stato per il triennio scorso &#8211; \u00e8 l&#8217;auspicio espresso da <strong>padre Federico Trinchero<\/strong> al microfono de il Nuovo Letimbro &#8211; Ovviamente all&#8217;inizio venivo dall&#8217;Africa, quindi c&#8217;\u00e8 stata tutta una fase di scoperta e riscoperta della Provincia, da dove mancavo da molti anni. Il secondo triennio sar\u00e0 il frutto dell&#8217;esperienza e della conoscenza del primo vissuto con i confratelli. Ho accettato con un &#8216;S\u00ec!&#8217; pi\u00f9 consapevole rispetto a tre anni fa.&#8221;<\/p>\n<p>&#8220;Il <strong>Capitolo<\/strong> si \u00e8 svolto molto bene, serenamente &#8211; prosegue &#8211; Avevamo un&#8217;agenda di argomenti abbastanza consolidata che abbiamo discusso insieme ai rappresentanti delle circoscrizioni, quindi i <strong>conventi<\/strong> della Liguria e del Piemonte, e dei confratelli delle missioni in Centrafrica e della Repubblica Ceca. Ogni comunit\u00e0 doveva presentare una relazione di ci\u00f2 che ha vissuto e c&#8217;\u00e8 stato un dialogo interessante.&#8221;<\/p>\n<p>&#8220;Una decisione importante \u00e8 stata recepire una richiesta di collaborazione dei confratelli della <strong>Sicilia<\/strong> &#8211; aggiunge padre Trinchero &#8211; In questi tre anni abbiamo ospitato un loro giovane per la formazione. Abbiamo invitato i provinciali della <strong>Croazia<\/strong> e della <strong>Francia del sud<\/strong>, due territori che stanno vivendo un periodo di rifioritura vocazionale. Li abbiamo ascoltati su come portano avanti la pastorale giovanile e l&#8217;animazione vocazionale. Non \u00e8 nata una collaborazione, per\u00f2 \u00e8 stato uno scambio stimolante.&#8221;<\/p>\n<p>&#8220;Le comunit\u00e0 di <strong>Savona<\/strong> e <strong>Varazze<\/strong> resteranno &#8211; assicura il provinciale ligure &#8211; Siamo contenti di avere nella diocesi di Savona-Noli queste due presenze, a cui aggiungo le monache e l&#8217;<strong>Ordine Secolare<\/strong>, particolarmente vivace. Sono presenze diverse: il Deserto \u00e8 un eremo per la formazione, che presta un servizio importante alle parrocchie di Faje, Casanova e Pero, San Pietro \u00e8 una parrocchia vivace e apprezzata. Le due comunit\u00e0 sono presenze privilegiate rispetto ad altre diocesi liguri o piemontesi, ci sar\u00e0 solo qualche piccolo cambiamento tra i membri.&#8221;<\/p>\n<p>&#8220;\u00c8 stato un momento di fraternit\u00e0 e riflessione che speriamo possa far scaturire un nuovo slancio carismatico e missionario per le nostre case in Italia, Centrafrica e Repubblica Ceca &#8211; ha scritto invece <strong>padre Enrico Redaelli<\/strong>, neoconsigliere provinciale e priore a Savona, in un messaggio ai fedeli della parrocchia gestita dai Carmelitani &#8211; Vi invito a continuare a pregare affinch\u00e9 la prossima conformazione comunitaria della nostra parrocchia e di tutta la Provincia possa rispondere alla volont\u00e0 di Dio, per il bene del Carmelo e della Chiesa.&#8221;<\/p>\n<div id='gallery-1' class='gallery galleryid-708 gallery-columns-5 gallery-size-full'><figure class='gallery-item'>\n\t\t\t<div class='gallery-icon landscape'>\n\t\t\t\t<a href='https:\/\/chiesasavona.it\/ilnuovoletimbro\/wp-content\/uploads\/sites\/4\/2026\/04\/Carmelitani-liguri-Capitolo-2026-01.jpg' title=\"\" data-rl_title=\"\" class=\"rl-gallery-link\" data-rl_caption=\"\" data-rel=\"lightbox-gallery-1\"><img loading=\"lazy\" decoding=\"async\" width=\"1280\" height=\"789\" src=\"https:\/\/chiesasavona.it\/ilnuovoletimbro\/wp-content\/uploads\/sites\/4\/2026\/04\/Carmelitani-liguri-Capitolo-2026-01.jpg\" class=\"attachment-full size-full\" alt=\"\" aria-describedby=\"gallery-1-711\" srcset=\"https:\/\/chiesasavona.it\/ilnuovoletimbro\/wp-content\/uploads\/sites\/4\/2026\/04\/Carmelitani-liguri-Capitolo-2026-01.jpg 1280w, https:\/\/chiesasavona.it\/ilnuovoletimbro\/wp-content\/uploads\/sites\/4\/2026\/04\/Carmelitani-liguri-Capitolo-2026-01-300x185.jpg 300w, https:\/\/chiesasavona.it\/ilnuovoletimbro\/wp-content\/uploads\/sites\/4\/2026\/04\/Carmelitani-liguri-Capitolo-2026-01-1024x631.jpg 1024w, https:\/\/chiesasavona.it\/ilnuovoletimbro\/wp-content\/uploads\/sites\/4\/2026\/04\/Carmelitani-liguri-Capitolo-2026-01-768x473.jpg 768w\" sizes=\"auto, (max-width: 1280px) 100vw, 1280px\" \/><\/a>\n\t\t\t<\/div>\n\t\t\t\t<figcaption class='wp-caption-text gallery-caption' id='gallery-1-711'>\n\t\t\t\tIl Capitolo della Provincia Ligure dei Carmelitani Scalzi\n\t\t\t\t<\/figcaption><\/figure><figure class='gallery-item'>\n\t\t\t<div class='gallery-icon landscape'>\n\t\t\t\t<a href='https:\/\/chiesasavona.it\/ilnuovoletimbro\/wp-content\/uploads\/sites\/4\/2026\/04\/Carmelitani-liguri-Capitolo-2026-02.jpg' title=\"\" data-rl_title=\"\" class=\"rl-gallery-link\" data-rl_caption=\"\" data-rel=\"lightbox-gallery-1\"><img loading=\"lazy\" decoding=\"async\" width=\"1280\" height=\"805\" src=\"https:\/\/chiesasavona.it\/ilnuovoletimbro\/wp-content\/uploads\/sites\/4\/2026\/04\/Carmelitani-liguri-Capitolo-2026-02.jpg\" class=\"attachment-full size-full\" alt=\"\" aria-describedby=\"gallery-1-712\" srcset=\"https:\/\/chiesasavona.it\/ilnuovoletimbro\/wp-content\/uploads\/sites\/4\/2026\/04\/Carmelitani-liguri-Capitolo-2026-02.jpg 1280w, https:\/\/chiesasavona.it\/ilnuovoletimbro\/wp-content\/uploads\/sites\/4\/2026\/04\/Carmelitani-liguri-Capitolo-2026-02-300x189.jpg 300w, https:\/\/chiesasavona.it\/ilnuovoletimbro\/wp-content\/uploads\/sites\/4\/2026\/04\/Carmelitani-liguri-Capitolo-2026-02-1024x644.jpg 1024w, https:\/\/chiesasavona.it\/ilnuovoletimbro\/wp-content\/uploads\/sites\/4\/2026\/04\/Carmelitani-liguri-Capitolo-2026-02-768x483.jpg 768w\" sizes=\"auto, (max-width: 1280px) 100vw, 1280px\" \/><\/a>\n\t\t\t<\/div>\n\t\t\t\t<figcaption class='wp-caption-text gallery-caption' id='gallery-1-712'>\n\t\t\t\tIl Capitolo della Provincia Ligure dei Carmelitani Scalzi\n\t\t\t\t<\/figcaption><\/figure><figure class='gallery-item'>\n\t\t\t<div class='gallery-icon landscape'>\n\t\t\t\t<a href='https:\/\/chiesasavona.it\/ilnuovoletimbro\/wp-content\/uploads\/sites\/4\/2026\/04\/Carmelitani-liguri-Capitolo-2026-03.jpg' title=\"\" data-rl_title=\"\" class=\"rl-gallery-link\" data-rl_caption=\"\" data-rel=\"lightbox-gallery-1\"><img loading=\"lazy\" decoding=\"async\" width=\"1280\" height=\"836\" src=\"https:\/\/chiesasavona.it\/ilnuovoletimbro\/wp-content\/uploads\/sites\/4\/2026\/04\/Carmelitani-liguri-Capitolo-2026-03.jpg\" class=\"attachment-full size-full\" alt=\"\" aria-describedby=\"gallery-1-713\" srcset=\"https:\/\/chiesasavona.it\/ilnuovoletimbro\/wp-content\/uploads\/sites\/4\/2026\/04\/Carmelitani-liguri-Capitolo-2026-03.jpg 1280w, https:\/\/chiesasavona.it\/ilnuovoletimbro\/wp-content\/uploads\/sites\/4\/2026\/04\/Carmelitani-liguri-Capitolo-2026-03-300x196.jpg 300w, https:\/\/chiesasavona.it\/ilnuovoletimbro\/wp-content\/uploads\/sites\/4\/2026\/04\/Carmelitani-liguri-Capitolo-2026-03-1024x669.jpg 1024w, https:\/\/chiesasavona.it\/ilnuovoletimbro\/wp-content\/uploads\/sites\/4\/2026\/04\/Carmelitani-liguri-Capitolo-2026-03-768x502.jpg 768w\" sizes=\"auto, (max-width: 1280px) 100vw, 1280px\" \/><\/a>\n\t\t\t<\/div>\n\t\t\t\t<figcaption class='wp-caption-text gallery-caption' id='gallery-1-713'>\n\t\t\t\tIl Capitolo della Provincia Ligure dei Carmelitani Scalzi\n\t\t\t\t<\/figcaption><\/figure><figure class='gallery-item'>\n\t\t\t<div class='gallery-icon landscape'>\n\t\t\t\t<a href='https:\/\/chiesasavona.it\/ilnuovoletimbro\/wp-content\/uploads\/sites\/4\/2026\/04\/Carmelitani-liguri-Capitolo-2026-04.jpg' title=\"\" data-rl_title=\"\" class=\"rl-gallery-link\" data-rl_caption=\"\" data-rel=\"lightbox-gallery-1\"><img loading=\"lazy\" decoding=\"async\" width=\"1280\" height=\"960\" src=\"https:\/\/chiesasavona.it\/ilnuovoletimbro\/wp-content\/uploads\/sites\/4\/2026\/04\/Carmelitani-liguri-Capitolo-2026-04.jpg\" class=\"attachment-full size-full\" alt=\"\" aria-describedby=\"gallery-1-714\" srcset=\"https:\/\/chiesasavona.it\/ilnuovoletimbro\/wp-content\/uploads\/sites\/4\/2026\/04\/Carmelitani-liguri-Capitolo-2026-04.jpg 1280w, https:\/\/chiesasavona.it\/ilnuovoletimbro\/wp-content\/uploads\/sites\/4\/2026\/04\/Carmelitani-liguri-Capitolo-2026-04-300x225.jpg 300w, https:\/\/chiesasavona.it\/ilnuovoletimbro\/wp-content\/uploads\/sites\/4\/2026\/04\/Carmelitani-liguri-Capitolo-2026-04-1024x768.jpg 1024w, https:\/\/chiesasavona.it\/ilnuovoletimbro\/wp-content\/uploads\/sites\/4\/2026\/04\/Carmelitani-liguri-Capitolo-2026-04-768x576.jpg 768w\" sizes=\"auto, (max-width: 1280px) 100vw, 1280px\" \/><\/a>\n\t\t\t<\/div>\n\t\t\t\t<figcaption class='wp-caption-text gallery-caption' id='gallery-1-714'>\n\t\t\t\tIl Capitolo della Provincia Ligure dei Carmelitani Scalzi\n\t\t\t\t<\/figcaption><\/figure><figure class='gallery-item'>\n\t\t\t<div class='gallery-icon landscape'>\n\t\t\t\t<a href='https:\/\/chiesasavona.it\/ilnuovoletimbro\/wp-content\/uploads\/sites\/4\/2026\/04\/Carmelitani-liguri-Capitolo-2026-05.jpg' title=\"\" data-rl_title=\"\" class=\"rl-gallery-link\" data-rl_caption=\"\" data-rel=\"lightbox-gallery-1\"><img loading=\"lazy\" decoding=\"async\" width=\"1280\" height=\"960\" src=\"https:\/\/chiesasavona.it\/ilnuovoletimbro\/wp-content\/uploads\/sites\/4\/2026\/04\/Carmelitani-liguri-Capitolo-2026-05.jpg\" class=\"attachment-full size-full\" alt=\"\" aria-describedby=\"gallery-1-715\" srcset=\"https:\/\/chiesasavona.it\/ilnuovoletimbro\/wp-content\/uploads\/sites\/4\/2026\/04\/Carmelitani-liguri-Capitolo-2026-05.jpg 1280w, https:\/\/chiesasavona.it\/ilnuovoletimbro\/wp-content\/uploads\/sites\/4\/2026\/04\/Carmelitani-liguri-Capitolo-2026-05-300x225.jpg 300w, https:\/\/chiesasavona.it\/ilnuovoletimbro\/wp-content\/uploads\/sites\/4\/2026\/04\/Carmelitani-liguri-Capitolo-2026-05-1024x768.jpg 1024w, https:\/\/chiesasavona.it\/ilnuovoletimbro\/wp-content\/uploads\/sites\/4\/2026\/04\/Carmelitani-liguri-Capitolo-2026-05-768x576.jpg 768w\" sizes=\"auto, (max-width: 1280px) 100vw, 1280px\" \/><\/a>\n\t\t\t<\/div>\n\t\t\t\t<figcaption class='wp-caption-text gallery-caption' id='gallery-1-715'>\n\t\t\t\tIl Capitolo della Provincia Ligure dei Carmelitani Scalzi\n\t\t\t\t<\/figcaption><\/figure>\n\t\t<\/div>\n\n","protected":false},"excerpt":{"rendered":"<p>Bocca di Magra (La Spezia). Padre Federico Trinchero della Risurrezione \u00e8 stato eletto superiore della Provincia Ligure dei Carmelitani Scalzi per un secondo triennio. La sua conferma \u00e8 arrivata durante il Capitolo svoltosi in aprile nel Monastero Santa Croce e che ha impegnato una ventina di frati. Inoltre sono stati eletti consiglieri provinciali i padri [&hellip;]<\/p>\n","protected":false},"author":0,"featured_media":711,"comment_status":"closed","ping_status":"open","sticky":false,"template":"","format":"standard","meta":{"_acf_changed":false,"footnotes":""},"categories":[2,37,23],"tags":[92,94,95,91,93],"class_list":["post-708","post","type-post","status-publish","format-standard","has-post-thumbnail","hentry","category-diocesi","category-notizie","category-video","tag-carmelitani-scalzi","tag-enrico-redaelli","tag-eremo-deserto-varazze","tag-federico-trinchero","tag-parrocchia-san-pietro-savona"],"acf":[],"yoast_head":"<!-- This site is optimized with the Yoast SEO plugin v22.3 - https:\/\/yoast.com\/wordpress\/plugins\/seo\/ -->\n<title>Padre Trinchero rieletto provinciale dei Carmelitani Scalzi liguri - Il Nuovo Letimbro<\/title>\n<meta name=\"description\" content=\"L&#039;intervista a il Nuovo Letimbro: &quot;Ho accettato con un &#039;S\u00ec!&#039; pi\u00f9 consapevole di tre anni fa. Il secondo mandato sar\u00e0 il frutto del primo&quot;\" \/>\n<meta name=\"robots\" content=\"index, follow, max-snippet:-1, max-image-preview:large, max-video-preview:-1\" \/>\n<link rel=\"canonical\" href=\"https:\/\/chiesasavona.it\/ilnuovoletimbro\/2026\/05\/02\/padre-trinchero-rieletto-provinciale-dei-carmelitani-scalzi-liguri\/\" \/>\n<meta property=\"og:locale\" content=\"it_IT\" \/>\n<meta property=\"og:type\" content=\"article\" \/>\n<meta property=\"og:title\" content=\"Padre Trinchero rieletto provinciale dei Carmelitani Scalzi liguri - Il Nuovo Letimbro\" \/>\n<meta property=\"og:description\" content=\"L&#039;intervista a il Nuovo Letimbro: &quot;Ho accettato con un &#039;S\u00ec!&#039; pi\u00f9 consapevole di tre anni fa. Il secondo mandato sar\u00e0 il frutto del primo&quot;\" \/>\n<meta property=\"og:url\" content=\"https:\/\/chiesasavona.it\/ilnuovoletimbro\/2026\/05\/02\/padre-trinchero-rieletto-provinciale-dei-carmelitani-scalzi-liguri\/\" \/>\n<meta property=\"og:site_name\" content=\"Il Nuovo Letimbro\" \/>\n<meta property=\"article:author\" content=\"https:\/\/www.facebook.com\/IlLetimbro\" \/>\n<meta property=\"article:published_time\" content=\"2026-05-02T09:40:11+00:00\" \/>\n<meta property=\"article:modified_time\" content=\"2026-05-02T09:40:51+00:00\" \/>\n<meta property=\"og:image\" content=\"http:\/\/chiesasavona.it\/ilnuovoletimbro\/wp-content\/uploads\/sites\/4\/2026\/04\/Carmelitani-liguri-Capitolo-2026-01.jpg\" \/>\n\t<meta property=\"og:image:width\" content=\"1280\" \/>\n\t<meta property=\"og:image:height\" content=\"789\" \/>\n\t<meta property=\"og:image:type\" content=\"image\/jpeg\" \/>\n<meta name=\"author\" content=\"Ufficio Stampa\" \/>\n<meta name=\"twitter:card\" content=\"summary_large_image\" \/>\n<meta name=\"twitter:label1\" content=\"Written by\" \/>\n\t<meta name=\"twitter:data1\" content=\"\" \/>\n\t<meta name=\"twitter:label2\" content=\"Est. reading time\" \/>\n\t<meta name=\"twitter:data2\" content=\"3 minuti\" \/>\n<script type=\"application\/ld+json\" class=\"yoast-schema-graph\">{\"@context\":\"https:\/\/schema.org\",\"@graph\":[{\"@type\":\"Article\",\"@id\":\"https:\/\/chiesasavona.it\/ilnuovoletimbro\/2026\/05\/02\/padre-trinchero-rieletto-provinciale-dei-carmelitani-scalzi-liguri\/#article\",\"isPartOf\":{\"@id\":\"https:\/\/chiesasavona.it\/ilnuovoletimbro\/2026\/05\/02\/padre-trinchero-rieletto-provinciale-dei-carmelitani-scalzi-liguri\/\"},\"author\":{\"name\":\"Ufficio Stampa\",\"@id\":\"https:\/\/chiesasavona.it\/ilnuovoletimbro\/#\/schema\/person\/6ea1e9dc20c2e34bf52603cca6098e87\"},\"headline\":\"Padre Trinchero rieletto provinciale dei Carmelitani Scalzi liguri\",\"datePublished\":\"2026-05-02T09:40:11+00:00\",\"dateModified\":\"2026-05-02T09:40:51+00:00\",\"mainEntityOfPage\":{\"@id\":\"https:\/\/chiesasavona.it\/ilnuovoletimbro\/2026\/05\/02\/padre-trinchero-rieletto-provinciale-dei-carmelitani-scalzi-liguri\/\"},\"wordCount\":538,\"publisher\":{\"@id\":\"https:\/\/chiesasavona.it\/ilnuovoletimbro\/#organization\"},\"image\":{\"@id\":\"https:\/\/chiesasavona.it\/ilnuovoletimbro\/2026\/05\/02\/padre-trinchero-rieletto-provinciale-dei-carmelitani-scalzi-liguri\/#primaryimage\"},\"thumbnailUrl\":\"https:\/\/chiesasavona.it\/ilnuovoletimbro\/wp-content\/uploads\/sites\/4\/2026\/04\/Carmelitani-liguri-Capitolo-2026-01.jpg\",\"keywords\":[\"carmelitani scalzi\",\"enrico redaelli\",\"eremo deserto varazze\",\"federico trinchero\",\"parrocchia san pietro savona\"],\"articleSection\":[\"Diocesi\",\"Notizie\",\"Video\"],\"inLanguage\":\"it-IT\"},{\"@type\":\"WebPage\",\"@id\":\"https:\/\/chiesasavona.it\/ilnuovoletimbro\/2026\/05\/02\/padre-trinchero-rieletto-provinciale-dei-carmelitani-scalzi-liguri\/\",\"url\":\"https:\/\/chiesasavona.it\/ilnuovoletimbro\/2026\/05\/02\/padre-trinchero-rieletto-provinciale-dei-carmelitani-scalzi-liguri\/\",\"name\":\"Padre Trinchero rieletto provinciale dei Carmelitani Scalzi liguri - Il Nuovo Letimbro\",\"isPartOf\":{\"@id\":\"https:\/\/chiesasavona.it\/ilnuovoletimbro\/#website\"},\"primaryImageOfPage\":{\"@id\":\"https:\/\/chiesasavona.it\/ilnuovoletimbro\/2026\/05\/02\/padre-trinchero-rieletto-provinciale-dei-carmelitani-scalzi-liguri\/#primaryimage\"},\"image\":{\"@id\":\"https:\/\/chiesasavona.it\/ilnuovoletimbro\/2026\/05\/02\/padre-trinchero-rieletto-provinciale-dei-carmelitani-scalzi-liguri\/#primaryimage\"},\"thumbnailUrl\":\"https:\/\/chiesasavona.it\/ilnuovoletimbro\/wp-content\/uploads\/sites\/4\/2026\/04\/Carmelitani-liguri-Capitolo-2026-01.jpg\",\"datePublished\":\"2026-05-02T09:40:11+00:00\",\"dateModified\":\"2026-05-02T09:40:51+00:00\",\"description\":\"L'intervista a il Nuovo Letimbro: \\\"Ho accettato con un 'S\u00ec!' pi\u00f9 consapevole di tre anni fa. Il secondo mandato sar\u00e0 il frutto del primo\\\"\",\"breadcrumb\":{\"@id\":\"https:\/\/chiesasavona.it\/ilnuovoletimbro\/2026\/05\/02\/padre-trinchero-rieletto-provinciale-dei-carmelitani-scalzi-liguri\/#breadcrumb\"},\"inLanguage\":\"it-IT\",\"potentialAction\":[{\"@type\":\"ReadAction\",\"target\":[\"https:\/\/chiesasavona.it\/ilnuovoletimbro\/2026\/05\/02\/padre-trinchero-rieletto-provinciale-dei-carmelitani-scalzi-liguri\/\"]}]},{\"@type\":\"ImageObject\",\"inLanguage\":\"it-IT\",\"@id\":\"https:\/\/chiesasavona.it\/ilnuovoletimbro\/2026\/05\/02\/padre-trinchero-rieletto-provinciale-dei-carmelitani-scalzi-liguri\/#primaryimage\",\"url\":\"https:\/\/chiesasavona.it\/ilnuovoletimbro\/wp-content\/uploads\/sites\/4\/2026\/04\/Carmelitani-liguri-Capitolo-2026-01.jpg\",\"contentUrl\":\"https:\/\/chiesasavona.it\/ilnuovoletimbro\/wp-content\/uploads\/sites\/4\/2026\/04\/Carmelitani-liguri-Capitolo-2026-01.jpg\",\"width\":1280,\"height\":789,\"caption\":\"Il Capitolo della Provincia Ligure dei Carmelitani Scalzi\"},{\"@type\":\"BreadcrumbList\",\"@id\":\"https:\/\/chiesasavona.it\/ilnuovoletimbro\/2026\/05\/02\/padre-trinchero-rieletto-provinciale-dei-carmelitani-scalzi-liguri\/#breadcrumb\",\"itemListElement\":[{\"@type\":\"ListItem\",\"position\":1,\"name\":\"Home\",\"item\":\"https:\/\/chiesasavona.it\/ilnuovoletimbro\/\"},{\"@type\":\"ListItem\",\"position\":2,\"name\":\"Padre Trinchero rieletto provinciale dei Carmelitani Scalzi liguri\"}]},{\"@type\":\"WebSite\",\"@id\":\"https:\/\/chiesasavona.it\/ilnuovoletimbro\/#website\",\"url\":\"https:\/\/chiesasavona.it\/ilnuovoletimbro\/\",\"name\":\"Il Nuovo Letimbro\",\"description\":\"\",\"publisher\":{\"@id\":\"https:\/\/chiesasavona.it\/ilnuovoletimbro\/#organization\"},\"potentialAction\":[{\"@type\":\"SearchAction\",\"target\":{\"@type\":\"EntryPoint\",\"urlTemplate\":\"https:\/\/chiesasavona.it\/ilnuovoletimbro\/?s={search_term_string}\"},\"query-input\":\"required name=search_term_string\"}],\"inLanguage\":\"it-IT\"},{\"@type\":\"Organization\",\"@id\":\"https:\/\/chiesasavona.it\/ilnuovoletimbro\/#organization\",\"name\":\"il Nuovo Letimbro\",\"url\":\"https:\/\/chiesasavona.it\/ilnuovoletimbro\/\",\"logo\":{\"@type\":\"ImageObject\",\"inLanguage\":\"it-IT\",\"@id\":\"https:\/\/chiesasavona.it\/ilnuovoletimbro\/#\/schema\/logo\/image\/\",\"url\":\"https:\/\/chiesasavona.it\/ilnuovoletimbro\/wp-content\/uploads\/sites\/4\/2026\/03\/il-nuovo-letimbro.png\",\"contentUrl\":\"https:\/\/chiesasavona.it\/ilnuovoletimbro\/wp-content\/uploads\/sites\/4\/2026\/03\/il-nuovo-letimbro.png\",\"width\":623,\"height\":623,\"caption\":\"il Nuovo Letimbro\"},\"image\":{\"@id\":\"https:\/\/chiesasavona.it\/ilnuovoletimbro\/#\/schema\/logo\/image\/\"}}]}<\/script>\n<!-- \/ Yoast SEO plugin. -->","yoast_head_json":{"title":"Padre Trinchero rieletto provinciale dei Carmelitani Scalzi liguri - Il Nuovo Letimbro","description":"L'intervista a il Nuovo Letimbro: \"Ho accettato con un 'S\u00ec!' pi\u00f9 consapevole di tre anni fa. Il secondo mandato sar\u00e0 il frutto del primo\"","robots":{"index":"index","follow":"follow","max-snippet":"max-snippet:-1","max-image-preview":"max-image-preview:large","max-video-preview":"max-video-preview:-1"},"canonical":"https:\/\/chiesasavona.it\/ilnuovoletimbro\/2026\/05\/02\/padre-trinchero-rieletto-provinciale-dei-carmelitani-scalzi-liguri\/","og_locale":"it_IT","og_type":"article","og_title":"Padre Trinchero rieletto provinciale dei Carmelitani Scalzi liguri - Il Nuovo Letimbro","og_description":"L'intervista a il Nuovo Letimbro: \"Ho accettato con un 'S\u00ec!' pi\u00f9 consapevole di tre anni fa. Il secondo mandato sar\u00e0 il frutto del primo\"","og_url":"https:\/\/chiesasavona.it\/ilnuovoletimbro\/2026\/05\/02\/padre-trinchero-rieletto-provinciale-dei-carmelitani-scalzi-liguri\/","og_site_name":"Il Nuovo Letimbro","article_author":"https:\/\/www.facebook.com\/IlLetimbro","article_published_time":"2026-05-02T09:40:11+00:00","article_modified_time":"2026-05-02T09:40:51+00:00","og_image":[{"width":1280,"height":789,"url":"http:\/\/chiesasavona.it\/ilnuovoletimbro\/wp-content\/uploads\/sites\/4\/2026\/04\/Carmelitani-liguri-Capitolo-2026-01.jpg","type":"image\/jpeg"}],"author":"Ufficio Stampa","twitter_card":"summary_large_image","twitter_misc":{"Written by":"","Est. reading time":"3 minuti"},"schema":{"@context":"https:\/\/schema.org","@graph":[{"@type":"Article","@id":"https:\/\/chiesasavona.it\/ilnuovoletimbro\/2026\/05\/02\/padre-trinchero-rieletto-provinciale-dei-carmelitani-scalzi-liguri\/#article","isPartOf":{"@id":"https:\/\/chiesasavona.it\/ilnuovoletimbro\/2026\/05\/02\/padre-trinchero-rieletto-provinciale-dei-carmelitani-scalzi-liguri\/"},"author":{"name":"Ufficio Stampa","@id":"https:\/\/chiesasavona.it\/ilnuovoletimbro\/#\/schema\/person\/6ea1e9dc20c2e34bf52603cca6098e87"},"headline":"Padre Trinchero rieletto provinciale dei Carmelitani Scalzi liguri","datePublished":"2026-05-02T09:40:11+00:00","dateModified":"2026-05-02T09:40:51+00:00","mainEntityOfPage":{"@id":"https:\/\/chiesasavona.it\/ilnuovoletimbro\/2026\/05\/02\/padre-trinchero-rieletto-provinciale-dei-carmelitani-scalzi-liguri\/"},"wordCount":538,"publisher":{"@id":"https:\/\/chiesasavona.it\/ilnuovoletimbro\/#organization"},"image":{"@id":"https:\/\/chiesasavona.it\/ilnuovoletimbro\/2026\/05\/02\/padre-trinchero-rieletto-provinciale-dei-carmelitani-scalzi-liguri\/#primaryimage"},"thumbnailUrl":"https:\/\/chiesasavona.it\/ilnuovoletimbro\/wp-content\/uploads\/sites\/4\/2026\/04\/Carmelitani-liguri-Capitolo-2026-01.jpg","keywords":["carmelitani scalzi","enrico redaelli","eremo deserto varazze","federico trinchero","parrocchia san pietro savona"],"articleSection":["Diocesi","Notizie","Video"],"inLanguage":"it-IT"},{"@type":"WebPage","@id":"https:\/\/chiesasavona.it\/ilnuovoletimbro\/2026\/05\/02\/padre-trinchero-rieletto-provinciale-dei-carmelitani-scalzi-liguri\/","url":"https:\/\/chiesasavona.it\/ilnuovoletimbro\/2026\/05\/02\/padre-trinchero-rieletto-provinciale-dei-carmelitani-scalzi-liguri\/","name":"Padre Trinchero rieletto provinciale dei Carmelitani Scalzi liguri - Il Nuovo Letimbro","isPartOf":{"@id":"https:\/\/chiesasavona.it\/ilnuovoletimbro\/#website"},"primaryImageOfPage":{"@id":"https:\/\/chiesasavona.it\/ilnuovoletimbro\/2026\/05\/02\/padre-trinchero-rieletto-provinciale-dei-carmelitani-scalzi-liguri\/#primaryimage"},"image":{"@id":"https:\/\/chiesasavona.it\/ilnuovoletimbro\/2026\/05\/02\/padre-trinchero-rieletto-provinciale-dei-carmelitani-scalzi-liguri\/#primaryimage"},"thumbnailUrl":"https:\/\/chiesasavona.it\/ilnuovoletimbro\/wp-content\/uploads\/sites\/4\/2026\/04\/Carmelitani-liguri-Capitolo-2026-01.jpg","datePublished":"2026-05-02T09:40:11+00:00","dateModified":"2026-05-02T09:40:51+00:00","description":"L'intervista a il Nuovo Letimbro: \"Ho accettato con un 'S\u00ec!' pi\u00f9 consapevole di tre anni fa. Il secondo mandato sar\u00e0 il frutto del primo\"","breadcrumb":{"@id":"https:\/\/chiesasavona.it\/ilnuovoletimbro\/2026\/05\/02\/padre-trinchero-rieletto-provinciale-dei-carmelitani-scalzi-liguri\/#breadcrumb"},"inLanguage":"it-IT","potentialAction":[{"@type":"ReadAction","target":["https:\/\/chiesasavona.it\/ilnuovoletimbro\/2026\/05\/02\/padre-trinchero-rieletto-provinciale-dei-carmelitani-scalzi-liguri\/"]}]},{"@type":"ImageObject","inLanguage":"it-IT","@id":"https:\/\/chiesasavona.it\/ilnuovoletimbro\/2026\/05\/02\/padre-trinchero-rieletto-provinciale-dei-carmelitani-scalzi-liguri\/#primaryimage","url":"https:\/\/chiesasavona.it\/ilnuovoletimbro\/wp-content\/uploads\/sites\/4\/2026\/04\/Carmelitani-liguri-Capitolo-2026-01.jpg","contentUrl":"https:\/\/chiesasavona.it\/ilnuovoletimbro\/wp-content\/uploads\/sites\/4\/2026\/04\/Carmelitani-liguri-Capitolo-2026-01.jpg","width":1280,"height":789,"caption":"Il Capitolo della Provincia Ligure dei Carmelitani Scalzi"},{"@type":"BreadcrumbList","@id":"https:\/\/chiesasavona.it\/ilnuovoletimbro\/2026\/05\/02\/padre-trinchero-rieletto-provinciale-dei-carmelitani-scalzi-liguri\/#breadcrumb","itemListElement":[{"@type":"ListItem","position":1,"name":"Home","item":"https:\/\/chiesasavona.it\/ilnuovoletimbro\/"},{"@type":"ListItem","position":2,"name":"Padre Trinchero rieletto provinciale dei Carmelitani Scalzi liguri"}]},{"@type":"WebSite","@id":"https:\/\/chiesasavona.it\/ilnuovoletimbro\/#website","url":"https:\/\/chiesasavona.it\/ilnuovoletimbro\/","name":"Il Nuovo Letimbro","description":"","publisher":{"@id":"https:\/\/chiesasavona.it\/ilnuovoletimbro\/#organization"},"potentialAction":[{"@type":"SearchAction","target":{"@type":"EntryPoint","urlTemplate":"https:\/\/chiesasavona.it\/ilnuovoletimbro\/?s={search_term_string}"},"query-input":"required name=search_term_string"}],"inLanguage":"it-IT"},{"@type":"Organization","@id":"https:\/\/chiesasavona.it\/ilnuovoletimbro\/#organization","name":"il Nuovo Letimbro","url":"https:\/\/chiesasavona.it\/ilnuovoletimbro\/","logo":{"@type":"ImageObject","inLanguage":"it-IT","@id":"https:\/\/chiesasavona.it\/ilnuovoletimbro\/#\/schema\/logo\/image\/","url":"https:\/\/chiesasavona.it\/ilnuovoletimbro\/wp-content\/uploads\/sites\/4\/2026\/03\/il-nuovo-letimbro.png","contentUrl":"https:\/\/chiesasavona.it\/ilnuovoletimbro\/wp-content\/uploads\/sites\/4\/2026\/03\/il-nuovo-letimbro.png","width":623,"height":623,"caption":"il Nuovo Letimbro"},"image":{"@id":"https:\/\/chiesasavona.it\/ilnuovoletimbro\/#\/schema\/logo\/image\/"}}]}},"_links":{"self":[{"href":"https:\/\/chiesasavona.it\/ilnuovoletimbro\/wp-json\/wp\/v2\/posts\/708","targetHints":{"allow":["GET"]}}],"collection":[{"href":"https:\/\/chiesasavona.it\/ilnuovoletimbro\/wp-json\/wp\/v2\/posts"}],"about":[{"href":"https:\/\/chiesasavona.it\/ilnuovoletimbro\/wp-json\/wp\/v2\/types\/post"}],"author":[{"embeddable":true,"href":"https:\/\/chiesasavona.it\/ilnuovoletimbro\/wp-json\/wp\/v2\/users\/6"}],"replies":[{"embeddable":true,"href":"https:\/\/chiesasavona.it\/ilnuovoletimbro\/wp-json\/wp\/v2\/comments?post=708"}],"version-history":[{"count":6,"href":"https:\/\/chiesasavona.it\/ilnuovoletimbro\/wp-json\/wp\/v2\/posts\/708\/revisions"}],"predecessor-version":[{"id":725,"href":"https:\/\/chiesasavona.it\/ilnuovoletimbro\/wp-json\/wp\/v2\/posts\/708\/revisions\/725"}],"wp:featuredmedia":[{"embeddable":true,"href":"https:\/\/chiesasavona.it\/ilnuovoletimbro\/wp-json\/wp\/v2\/media\/711"}],"wp:attachment":[{"href":"https:\/\/chiesasavona.it\/ilnuovoletimbro\/wp-json\/wp\/v2\/media?parent=708"}],"wp:term":[{"taxonomy":"category","embeddable":true,"href":"https:\/\/chiesasavona.it\/ilnuovoletimbro\/wp-json\/wp\/v2\/categories?post=708"},{"taxonomy":"post_tag","embeddable":true,"href":"https:\/\/chiesasavona.it\/ilnuovoletimbro\/wp-json\/wp\/v2\/tags?post=708"}],"curies":[{"name":"wp","href":"https:\/\/api.w.org\/{rel}","templated":true}]}}